{"id":982,"date":"2016-03-15T12:42:06","date_gmt":"2016-03-15T11:42:06","guid":{"rendered":"http:\/\/serwer1734277.home.pl\/?p=982"},"modified":"2017-08-08T12:44:46","modified_gmt":"2017-08-08T10:44:46","slug":"pobyt-w-sejmie-rp-15-marca-2016-r","status":"publish","type":"post","link":"https:\/\/www.aktywnyseniormm.pl\/index.php\/2016\/03\/15\/pobyt-w-sejmie-rp-15-marca-2016-r\/","title":{"rendered":"POBYT W SEJMIE RP 15 marca 2016 r"},"content":{"rendered":"<p style=\"text-align: justify;\">15 marca br. na zaproszenie pos\u0142a naszej ziemi &#8211; p. Czes\u0142awa Mroczka &#8211; grupa 50 os\u00f3b zwiedzi\u0142a Sejm RP.POBYT W SEJMIE RP 15 marca 2016 r 15 marca br. na zaproszenie pos\u0142a naszej ziemi &#8211; p. Czes\u0142awa Mroczka &#8211; grupa 50 os\u00f3b zwiedzi\u0142a Sejm RP. Mieli\u015bmy okazj\u0119 obejrze\u0107 sal\u0119 plenarn\u0105, kaplic\u0119 i inne miejsca gdzie toczy si\u0119 \u017cycie poselskie. Poniewa\u017c byli\u015bmy w przeddzie\u0144 posiedzenia plenarnego mieli\u015bmy mo\u017cliwo\u015b\u0107 odczu\u0107 atmosfer\u0119 pracy sejmu &#8211; du\u017cego podniecenia i zabiegania.<\/p>\n<p style=\"text-align: justify;\">Dope\u0142nieniem zaproszenia by\u0142a wizyta w Muzeum Katy\u0144skim. Ekspozycj\u0119 obejrzelismy z du\u017cym zainteresowaniem.\u00a0Wra\u017cenie pot\u0119guj\u0105 wn\u0119trza muzeum(Cytadela z XIXw) Przejmuj\u0105ca i symboliczna jest scenografia prof. Jerzego Kaliny O tym muzeum nie mo\u017cna pisa\u0107 &#8211; to trzeba zobaczy\u0107 KONIECZNIE! Mieli\u015bmy okazj\u0119 obejrze\u0107 sal\u0119 plenarn\u0105, kaplic\u0119 i inne miejsca gdzie toczy si\u0119 \u017cycie poselskie. Poniewa\u017c byli\u015bmy w przeddzie\u0144 posiedzenia plenarnego mieli\u015bmy mo\u017cliwo\u015b\u0107 odczu\u0107 atmosfer\u0119 pracy sejmu &#8211; du\u017cego podniecenia i zabiegania.<\/p>\n<p style=\"text-align: justify;\">Dope\u0142nieniem zaproszenia by\u0142a wizyta w Muzeum Katy\u0144skim. Ekspozycj\u0119 obejrzelismy z du\u017cym zainteresowaniem. Wra\u017cenie pot\u0119guj\u0105 wn\u0119trza muzeum(Cytadela z XIXw) Przejmuj\u0105ca i symboliczna jest scenografia prof. Jerzego Kaliny O tym muzeum nie mo\u017cna pisa\u0107 &#8211; to trzeba zobaczy\u0107 KONIECZNIE!<\/p>\n\n\t\t<style type=\"text\/css\">\n\t\t\t#gallery-1 {\n\t\t\t\tmargin: auto;\n\t\t\t}\n\t\t\t#gallery-1 .gallery-item {\n\t\t\t\tfloat: left;\n\t\t\t\tmargin-top: 10px;\n\t\t\t\ttext-align: center;\n\t\t\t\twidth: 33%;\n\t\t\t}\n\t\t\t#gallery-1 img {\n\t\t\t\tborder: 2px solid #cfcfcf;\n\t\t\t}\n\t\t\t#gallery-1 .gallery-caption {\n\t\t\t\tmargin-left: 0;\n\t\t\t}\n\t\t\t\/* see gallery_shortcode() in wp-includes\/media.php *\/\n\t\t<\/style>\n\t\t<div id='gallery-1' class='gallery galleryid-982 gallery-columns-3 gallery-size-thumbnail'><dl class='gallery-item'>\n\t\t\t<dt class='gallery-icon landscape'>\n\t\t\t\t<a href='https:\/\/www.aktywnyseniormm.pl\/wp-content\/uploads\/2017\/08\/cache_2463580809.jpg'><img loading=\"lazy\" decoding=\"async\" width=\"150\" height=\"150\" src=\"https:\/\/www.aktywnyseniormm.pl\/wp-content\/uploads\/2017\/08\/cache_2463580809-150x150.jpg\" class=\"attachment-thumbnail size-thumbnail\" alt=\"\" \/><\/a>\n\t\t\t<\/dt><\/dl><dl class='gallery-item'>\n\t\t\t<dt class='gallery-icon landscape'>\n\t\t\t\t<a href='https:\/\/www.aktywnyseniormm.pl\/wp-content\/uploads\/2017\/08\/cache_2463580808.jpg'><img loading=\"lazy\" decoding=\"async\" width=\"150\" height=\"150\" src=\"https:\/\/www.aktywnyseniormm.pl\/wp-content\/uploads\/2017\/08\/cache_2463580808-150x150.jpg\" class=\"attachment-thumbnail size-thumbnail\" alt=\"\" \/><\/a>\n\t\t\t<\/dt><\/dl>\n\t\t\t<br style='clear: both' \/>\n\t\t<\/div>\n\n","protected":false},"excerpt":{"rendered":"<p>15 marca br. na zaproszenie pos\u0142a naszej ziemi &#8211; p. Czes\u0142awa Mroczka &#8211; grupa 50 os\u00f3b zwiedzi\u0142a Sejm RP.POBYT W SEJMIE RP 15 marca 2016 r 15 marca br. na zaproszenie pos\u0142a naszej ziemi &#8211; p. Czes\u0142awa Mroczka &#8211; grupa 50 os\u00f3b zwiedzi\u0142a Sejm RP. Mieli\u015bmy okazj\u0119 obejrze\u0107 sal\u0119 plenarn\u0105, kaplic\u0119 i inne miejsca gdzie toczy si\u0119 \u017cycie poselskie. Poniewa\u017c <span class=\"more-button\"><a class=\"more-link\" href=\"https:\/\/www.aktywnyseniormm.pl\/index.php\/2016\/03\/15\/pobyt-w-sejmie-rp-15-marca-2016-r\/\">Czytaj ca\u0142o\u015b\u0107<\/a><\/span><\/p>\n","protected":false},"author":1,"featured_media":0,"comment_status":"open","ping_status":"open","sticky":false,"template":"","format":"standard","meta":{"footnotes":""},"categories":[5,18],"tags":[],"class_list":["post-982","post","type-post","status-publish","format-standard","hentry","category-strona-glowna","category-wycieczki-i-wypoczynek"],"_links":{"self":[{"href":"https:\/\/www.aktywnyseniormm.pl\/index.php\/wp-json\/wp\/v2\/posts\/982","targetHints":{"allow":["GET"]}}],"collection":[{"href":"https:\/\/www.aktywnyseniormm.pl\/index.php\/wp-json\/wp\/v2\/posts"}],"about":[{"href":"https:\/\/www.aktywnyseniormm.pl\/index.php\/wp-json\/wp\/v2\/types\/post"}],"author":[{"embeddable":true,"href":"https:\/\/www.aktywnyseniormm.pl\/index.php\/wp-json\/wp\/v2\/users\/1"}],"replies":[{"embeddable":true,"href":"https:\/\/www.aktywnyseniormm.pl\/index.php\/wp-json\/wp\/v2\/comments?post=982"}],"version-history":[{"count":1,"href":"https:\/\/www.aktywnyseniormm.pl\/index.php\/wp-json\/wp\/v2\/posts\/982\/revisions"}],"predecessor-version":[{"id":985,"href":"https:\/\/www.aktywnyseniormm.pl\/index.php\/wp-json\/wp\/v2\/posts\/982\/revisions\/985"}],"wp:attachment":[{"href":"https:\/\/www.aktywnyseniormm.pl\/index.php\/wp-json\/wp\/v2\/media?parent=982"}],"wp:term":[{"taxonomy":"category","embeddable":true,"href":"https:\/\/www.aktywnyseniormm.pl\/index.php\/wp-json\/wp\/v2\/categories?post=982"},{"taxonomy":"post_tag","embeddable":true,"href":"https:\/\/www.aktywnyseniormm.pl\/index.php\/wp-json\/wp\/v2\/tags?post=982"}],"curies":[{"name":"wp","href":"https:\/\/api.w.org\/{rel}","templated":true}]}}