{"id":9401,"date":"2021-05-28T08:55:38","date_gmt":"2021-05-28T06:55:38","guid":{"rendered":"http:\/\/www.aktywnyseniormm.pl\/?p=9401"},"modified":"2021-08-09T17:02:45","modified_gmt":"2021-08-09T15:02:45","slug":"wakacyjne-wyjazdy","status":"publish","type":"post","link":"https:\/\/www.aktywnyseniormm.pl\/index.php\/2021\/05\/28\/wakacyjne-wyjazdy\/","title":{"rendered":"WAKACYJNE  WYJAZDY"},"content":{"rendered":"\n<p>&nbsp;&nbsp;&nbsp;&nbsp;&nbsp;&nbsp;&nbsp;&nbsp;&nbsp;&nbsp;&nbsp;&nbsp;&nbsp;&nbsp;&nbsp;&nbsp;&nbsp;&nbsp;Przypominamy:&nbsp;&nbsp;&nbsp;&nbsp;&nbsp;&nbsp;&nbsp;&nbsp;&nbsp;&nbsp;&nbsp;&nbsp;&nbsp;&nbsp;&nbsp;&nbsp;&nbsp;&nbsp;&nbsp;&nbsp;&nbsp;&nbsp;&nbsp;&nbsp;&nbsp;&nbsp;&nbsp;&nbsp;&nbsp;&nbsp;&nbsp;&nbsp;&nbsp;&nbsp;&nbsp;&nbsp;&nbsp;&nbsp;&nbsp;&nbsp;&nbsp;&nbsp;&nbsp;&nbsp;&nbsp;&nbsp;&nbsp;&nbsp;&nbsp;&nbsp;&nbsp;&nbsp;&nbsp;&nbsp;&nbsp;&nbsp;&nbsp;&nbsp;&nbsp;&nbsp;&nbsp;&nbsp;&nbsp;&nbsp;&nbsp;&nbsp;&nbsp;&nbsp;&nbsp;&nbsp;&nbsp;&nbsp;&nbsp;&nbsp;&nbsp;&nbsp;&nbsp;&nbsp;&nbsp;&nbsp;&nbsp;&nbsp;&nbsp;&nbsp;&nbsp;&nbsp;&nbsp;&nbsp;&nbsp;&nbsp;&nbsp;&nbsp;&nbsp;&nbsp;&nbsp;&nbsp;&nbsp;&nbsp;&nbsp;&nbsp;&nbsp;&nbsp;&nbsp;&nbsp;&nbsp;&nbsp;&nbsp;&nbsp;&nbsp;&nbsp;&nbsp;&nbsp;&nbsp;&nbsp;&nbsp;&nbsp;&nbsp;&nbsp;&nbsp;&nbsp;&nbsp;&nbsp;&nbsp;&nbsp;&nbsp;&nbsp;&nbsp;&nbsp;&nbsp;&nbsp;&nbsp;&nbsp;&nbsp;&nbsp;&nbsp;&nbsp;&nbsp;&nbsp;&nbsp;&nbsp; <\/p>\n\n\n\n<p>&#8211; dnia 18.06.br.&nbsp;&nbsp; ? jednodniowa wycieczka do Siedlec ? zwiedzanie miasta &#8211; koszt 20 z\u0142 od osoby ? koordynator Mirka Kulma. Wyjazd spod MDK o godz. 7.45.<\/p>\n\n\n\n<p>&#8211; w dn. 22-23.06. br.&nbsp; ? dwudniowa wycieczka  do P\u0142ocka&nbsp; &#8211;&nbsp; koszt 100 z\u0142 od osoby ? koordynator Jadwiga Maciejewska. Wyjazd spod MDK o godz. 7.00<\/p>\n\n\n\n<p>&#8211; w dn. 26 &#8211; 27.08. br.&nbsp; ? dwudniowa wycieczka do Hajn\u00f3wki ?Bia\u0142owie\u017cy &#8211; Szlak Tatarski ? koszt 100 z\u0142 od osoby ? koordynator Zofia Grzelak i Anna Smole\u0144ska. Godzin\u0119 wyjazdu podamy w dalszym terminie. Brak miejsc. Lista rezerwowa<\/p>\n\n\n\n<p>&#8211; &nbsp;w dn. 21.09.br. ? jednodniowa wycieczka  &#8211; Szlakiem Norwida ? koszt 20 z\u0142 ? koordynator Jadwiga Maciejewska. Wyjazd spod MDK o godz. 8.00. Brak miejsc.<\/p>\n\n\n\n<p>&#8211; w dn. 24.09.br. ? jednodniowa  wycieczka do W\u0119growa ? koszt 20 z\u0142 od osoby. Koordynatorki to Mirka Kulma i Marianna Zambrzycka. Jest 10 wolnych miejsc.<\/p>\n\n\n\n<p> &#8211; w okresie 02 -14.09.br ?  wypoczynek w Krynicy Morskiej ? koordynator Zofia Grzelak. Godzina wyjazdu zostanie ustalona w p\u00f3\u017aniejszym terminie. Szczeg\u00f3\u0142y prosz\u0119 \u015bledzi\u0107 w zak\u0142adce &#8222;Wypoczynek&#8221;<\/p>\n\n\n\n<p><strong>Wp\u0142aty na wycieczki jednodniowe i dwudniowe  b\u0119dziemy przyjmowa\u0107 w Zielony Domku podczas dy\u017cur\u00f3w w godzinach 11.00 ? 13.00 w dniach: 02, &nbsp;&nbsp;09 &nbsp;i 16  czerwca br.<\/strong><\/p>\n\n\n\n<p><strong>Wp\u0142aty za wypoczynek w Krynicy &#8211; tylko na konto: <\/strong>II rata (500 lub dowolnie wi\u0119cej) do 31 lipca, br., III rata do 20 sierpnia br. O wysoko\u015bci trzeciej raty poinformuj\u0119 na pocz\u0105tku sierpnia po rozlokowaniu w pokojach.<\/p>\n\n\n\n<p>Pok\u00f3j 2 osobowy &#8211; 1260.- od osoby, pok\u00f3j 3 osobowy &#8211; 1140.- z\u0142 od osoby<\/p>\n\n\n\n<p><\/p>\n\n\n\n<p><strong> <\/strong>Uczestnik\u00f3w wycieczek  dwudniowych (P\u0142ock i Hajn\u00f3wka) oraz wyje\u017cd\u017caj\u0105cych do Krynicy prosimy o zg\u0142aszanie si\u0119&nbsp;&nbsp; osobi\u015bcie w dniach wy\u017cej wymienionych  celem podpisania list do ubezpieczenia<\/p>\n\n\n\n<p><strong>Od 17 czerwca&nbsp; do 31 lipca br. &#8211; przerwa wakacyjna w dy\u017curach w Zielonym Domku.<\/strong><\/p>\n\n\n\n<p>Przewidywany dy\u017cur w ZD  po przerwie to dzie\u0144 <strong>4 sierpnia br.<\/strong><\/p>\n","protected":false},"excerpt":{"rendered":"<p>&nbsp;&nbsp;&nbsp;&nbsp;&nbsp;&nbsp;&nbsp;&nbsp;&nbsp;&nbsp;&nbsp;&nbsp;&nbsp;&nbsp;&nbsp;&nbsp;&nbsp;&nbsp;Przypominamy:&nbsp;&nbsp;&nbsp;&nbsp;&nbsp;&nbsp;&nbsp;&nbsp;&nbsp;&nbsp;&nbsp;&nbsp;&nbsp;&nbsp;&nbsp;&nbsp;&nbsp;&nbsp;&nbsp;&nbsp;&nbsp;&nbsp;&nbsp;&nbsp;&nbsp;&nbsp;&nbsp;&nbsp;&nbsp;&nbsp;&nbsp;&nbsp;&nbsp;&nbsp;&nbsp;&nbsp;&nbsp;&nbsp;&nbsp;&nbsp;&nbsp;&nbsp;&nbsp;&nbsp;&nbsp;&nbsp;&nbsp;&nbsp;&nbsp;&nbsp;&nbsp;&nbsp;&nbsp;&nbsp;&nbsp;&nbsp;&nbsp;&nbsp;&nbsp;&nbsp;&nbsp;&nbsp;&nbsp;&nbsp;&nbsp;&nbsp;&nbsp;&nbsp;&nbsp;&nbsp;&nbsp;&nbsp;&nbsp;&nbsp;&nbsp;&nbsp;&nbsp;&nbsp;&nbsp;&nbsp;&nbsp;&nbsp;&nbsp;&nbsp;&nbsp;&nbsp;&nbsp;&nbsp;&nbsp;&nbsp;&nbsp;&nbsp;&nbsp;&nbsp;&nbsp;&nbsp;&nbsp;&nbsp;&nbsp;&nbsp;&nbsp;&nbsp;&nbsp;&nbsp;&nbsp;&nbsp;&nbsp;&nbsp;&nbsp;&nbsp;&nbsp;&nbsp;&nbsp;&nbsp;&nbsp;&nbsp;&nbsp;&nbsp;&nbsp;&nbsp;&nbsp;&nbsp;&nbsp;&nbsp;&nbsp;&nbsp;&nbsp;&nbsp;&nbsp;&nbsp;&nbsp;&nbsp;&nbsp;&nbsp;&nbsp;&nbsp;&nbsp;&nbsp;&nbsp;&nbsp; &#8211; dnia 18.06.br.&nbsp;&nbsp; ? jednodniowa wycieczka do Siedlec ? zwiedzanie miasta &#8211; koszt 20 z\u0142 od osoby ? koordynator Mirka Kulma. Wyjazd spod MDK o godz. 7.45. &#8211; w dn. 22-23.06. br.&nbsp; ? dwudniowa wycieczka do P\u0142ocka&nbsp; &#8211;&nbsp; koszt 100 z\u0142 od osoby ? koordynator Jadwiga Maciejewska. Wyjazd spod MDK o godz. 7.00 &#8211; w dn. 26 &#8211; 27.08. <span class=\"more-button\"><a class=\"more-link\" href=\"https:\/\/www.aktywnyseniormm.pl\/index.php\/2021\/05\/28\/wakacyjne-wyjazdy\/\">Czytaj ca\u0142o\u015b\u0107<\/a><\/span><\/p>\n","protected":false},"author":1,"featured_media":0,"comment_status":"open","ping_status":"open","sticky":false,"template":"","format":"standard","meta":{"footnotes":""},"categories":[39,18],"tags":[],"class_list":["post-9401","post","type-post","status-publish","format-standard","hentry","category-tablica-ogloszen","category-wycieczki-i-wypoczynek"],"_links":{"self":[{"href":"https:\/\/www.aktywnyseniormm.pl\/index.php\/wp-json\/wp\/v2\/posts\/9401","targetHints":{"allow":["GET"]}}],"collection":[{"href":"https:\/\/www.aktywnyseniormm.pl\/index.php\/wp-json\/wp\/v2\/posts"}],"about":[{"href":"https:\/\/www.aktywnyseniormm.pl\/index.php\/wp-json\/wp\/v2\/types\/post"}],"author":[{"embeddable":true,"href":"https:\/\/www.aktywnyseniormm.pl\/index.php\/wp-json\/wp\/v2\/users\/1"}],"replies":[{"embeddable":true,"href":"https:\/\/www.aktywnyseniormm.pl\/index.php\/wp-json\/wp\/v2\/comments?post=9401"}],"version-history":[{"count":8,"href":"https:\/\/www.aktywnyseniormm.pl\/index.php\/wp-json\/wp\/v2\/posts\/9401\/revisions"}],"predecessor-version":[{"id":9439,"href":"https:\/\/www.aktywnyseniormm.pl\/index.php\/wp-json\/wp\/v2\/posts\/9401\/revisions\/9439"}],"wp:attachment":[{"href":"https:\/\/www.aktywnyseniormm.pl\/index.php\/wp-json\/wp\/v2\/media?parent=9401"}],"wp:term":[{"taxonomy":"category","embeddable":true,"href":"https:\/\/www.aktywnyseniormm.pl\/index.php\/wp-json\/wp\/v2\/categories?post=9401"},{"taxonomy":"post_tag","embeddable":true,"href":"https:\/\/www.aktywnyseniormm.pl\/index.php\/wp-json\/wp\/v2\/tags?post=9401"}],"curies":[{"name":"wp","href":"https:\/\/api.w.org\/{rel}","templated":true}]}}