{"id":9308,"date":"2021-05-07T19:45:36","date_gmt":"2021-05-07T17:45:36","guid":{"rendered":"http:\/\/www.aktywnyseniormm.pl\/?p=9308"},"modified":"2021-05-07T19:45:38","modified_gmt":"2021-05-07T17:45:38","slug":"spotkania-informacyjne","status":"publish","type":"post","link":"https:\/\/www.aktywnyseniormm.pl\/index.php\/2021\/05\/07\/spotkania-informacyjne\/","title":{"rendered":"SPOTKANIA  INFORMACYJNE"},"content":{"rendered":"\n<p>Wszystkich zainteresowanych wypoczynkiem w Okunince\u00a0 w okresie 05- 15 czerwca br. zapraszam na<strong>\u00a0spotkanie organizacyjne w dniu 20 maja \/ czwartek\/ o godz. 10.00<\/strong>\u00a0w sali koncertowej Miejskiej Szko\u0142y Artystycznej. Jednocze\u015bnie przypominam o regulowaniu trzeciej wp\u0142aty \/ 500 z\u0142\/ do dn. 15 maja br. na konto stowarzyszenia.\u00a0 \u00a0                                                   Informacji szczeg\u00f3\u0142owych udziela koordynator wyjazdu Jadwiga Maciejewska\u00a0 \u00a0 \u00a0tel. 508 315 912<br>Wyjazd\u00a0 w\u00a0 dn. 05 czerwca br. godz. 9.00.                                                                                                                                                         Zbi\u00f3rka przed Miejskim Domem Kultury.\u00a0                                                                                                                                     \u00a0Planujemy te\u017c organizacj\u0119 spotka\u0144 informacyjnych dla os\u00f3b wyje\u017cd\u017caj\u0105cych na wycieczki do P\u0142ocka i Siedlec.                                         O ich terminach b\u0119dziemy Pa\u0144stwa informowa\u0107 na stronie internetowej oraz sms-em.\u00a0<br>Prosz\u0119 o przekazanie informacji osobom zainteresowanym.\u00a0 \u00a0J. Maciejewska\u00a0 \u00a0 \u00a0 \u00a0 \u00a0 \u00a0\u00a0<\/p>\n","protected":false},"excerpt":{"rendered":"<p>Wszystkich zainteresowanych wypoczynkiem w Okunince\u00a0 w okresie 05- 15 czerwca br. zapraszam na\u00a0spotkanie organizacyjne w dniu 20 maja \/ czwartek\/ o godz. 10.00\u00a0w sali koncertowej Miejskiej Szko\u0142y Artystycznej. Jednocze\u015bnie przypominam o regulowaniu trzeciej wp\u0142aty \/ 500 z\u0142\/ do dn. 15 maja br. na konto stowarzyszenia.\u00a0 \u00a0 Informacji szczeg\u00f3\u0142owych udziela koordynator wyjazdu Jadwiga Maciejewska\u00a0 \u00a0 \u00a0tel. 508 315 912Wyjazd\u00a0 w\u00a0 dn. <span class=\"more-button\"><a class=\"more-link\" href=\"https:\/\/www.aktywnyseniormm.pl\/index.php\/2021\/05\/07\/spotkania-informacyjne\/\">Czytaj ca\u0142o\u015b\u0107<\/a><\/span><\/p>\n","protected":false},"author":1,"featured_media":0,"comment_status":"open","ping_status":"open","sticky":false,"template":"","format":"standard","meta":{"footnotes":""},"categories":[39,31],"tags":[],"class_list":["post-9308","post","type-post","status-publish","format-standard","hentry","category-tablica-ogloszen","category-wypoczynek-wakacyjny"],"_links":{"self":[{"href":"https:\/\/www.aktywnyseniormm.pl\/index.php\/wp-json\/wp\/v2\/posts\/9308","targetHints":{"allow":["GET"]}}],"collection":[{"href":"https:\/\/www.aktywnyseniormm.pl\/index.php\/wp-json\/wp\/v2\/posts"}],"about":[{"href":"https:\/\/www.aktywnyseniormm.pl\/index.php\/wp-json\/wp\/v2\/types\/post"}],"author":[{"embeddable":true,"href":"https:\/\/www.aktywnyseniormm.pl\/index.php\/wp-json\/wp\/v2\/users\/1"}],"replies":[{"embeddable":true,"href":"https:\/\/www.aktywnyseniormm.pl\/index.php\/wp-json\/wp\/v2\/comments?post=9308"}],"version-history":[{"count":1,"href":"https:\/\/www.aktywnyseniormm.pl\/index.php\/wp-json\/wp\/v2\/posts\/9308\/revisions"}],"predecessor-version":[{"id":9309,"href":"https:\/\/www.aktywnyseniormm.pl\/index.php\/wp-json\/wp\/v2\/posts\/9308\/revisions\/9309"}],"wp:attachment":[{"href":"https:\/\/www.aktywnyseniormm.pl\/index.php\/wp-json\/wp\/v2\/media?parent=9308"}],"wp:term":[{"taxonomy":"category","embeddable":true,"href":"https:\/\/www.aktywnyseniormm.pl\/index.php\/wp-json\/wp\/v2\/categories?post=9308"},{"taxonomy":"post_tag","embeddable":true,"href":"https:\/\/www.aktywnyseniormm.pl\/index.php\/wp-json\/wp\/v2\/tags?post=9308"}],"curies":[{"name":"wp","href":"https:\/\/api.w.org\/{rel}","templated":true}]}}