{"id":9302,"date":"2021-05-02T15:23:37","date_gmt":"2021-05-02T13:23:37","guid":{"rendered":"http:\/\/www.aktywnyseniormm.pl\/?p=9302"},"modified":"2021-05-02T15:24:16","modified_gmt":"2021-05-02T13:24:16","slug":"zmiany-w-tematyce-wykladow","status":"publish","type":"post","link":"https:\/\/www.aktywnyseniormm.pl\/index.php\/2021\/05\/02\/zmiany-w-tematyce-wykladow\/","title":{"rendered":"ZMIANY w TEMATYCE WYK\u0141AD\u00d3W"},"content":{"rendered":"\n<p>29 kwietnia- z przyczyn techniczno -prawnych nie mogli\u015bmy transmitowa\u0107 wyk\u0142adu&nbsp;&nbsp;p. Igora Pogorzelskiego pt: Zacznij od Bacha- Zbigniew Wodecki \u017cycie i tw\u00f3rczo\u015b\u0107.&nbsp;Je\u015bli to b\u0119dzie mo\u017cliwe wyk\u0142ad udost\u0119pnimy w innym terminie.<\/p>\n\n\n\n<p><br><strong>6 maja<\/strong> \/termin WZCz\/ wyk\u0142ad p. Kamili Wieczorek pt: <strong>Czeski film- subiektywnie o zabawnych miejscach, obiektach turystycznych w Czechach.<\/strong><\/p>\n\n\n\n<p><br><strong>13 maja<\/strong> wyk\u0142ad p. Leszka Celeja&nbsp; t: <strong>Rok 2021 Rok Polskiej Tradycji Konstytucyjnej <\/strong>\/230 lat Konstytucji 3-go Maja\/<\/p>\n\n\n\n<p><br><strong>20 maja<\/strong> temat w uzgodnieniu<\/p>\n\n\n\n<p><br><strong>27 maja<\/strong>&nbsp; &#8211; zako\u0144czenie  roku w formie dla nas dost\u0119pnej o czym b\u0119dziemy Pa\u0144stwa informowa\u0107.<\/p>\n\n\n\n<p><br>&nbsp; &nbsp; &nbsp; &nbsp; &nbsp; &nbsp; &nbsp; &nbsp;Prezes Zarz\u0105du -Jadwiga Maciejewska&nbsp;<\/p>\n","protected":false},"excerpt":{"rendered":"<p>29 kwietnia- z przyczyn techniczno -prawnych nie mogli\u015bmy transmitowa\u0107 wyk\u0142adu&nbsp;&nbsp;p. Igora Pogorzelskiego pt: Zacznij od Bacha- Zbigniew Wodecki \u017cycie i tw\u00f3rczo\u015b\u0107.&nbsp;Je\u015bli to b\u0119dzie mo\u017cliwe wyk\u0142ad udost\u0119pnimy w innym terminie. 6 maja \/termin WZCz\/ wyk\u0142ad p. Kamili Wieczorek pt: Czeski film- subiektywnie o zabawnych miejscach, obiektach turystycznych w Czechach. 13 maja wyk\u0142ad p. Leszka Celeja&nbsp; t: Rok 2021 Rok Polskiej Tradycji <span class=\"more-button\"><a class=\"more-link\" href=\"https:\/\/www.aktywnyseniormm.pl\/index.php\/2021\/05\/02\/zmiany-w-tematyce-wykladow\/\">Czytaj ca\u0142o\u015b\u0107<\/a><\/span><\/p>\n","protected":false},"author":1,"featured_media":0,"comment_status":"open","ping_status":"open","sticky":false,"template":"","format":"standard","meta":{"footnotes":""},"categories":[39,16],"tags":[],"class_list":["post-9302","post","type-post","status-publish","format-standard","hentry","category-tablica-ogloszen","category-tematy-wykladow"],"_links":{"self":[{"href":"https:\/\/www.aktywnyseniormm.pl\/index.php\/wp-json\/wp\/v2\/posts\/9302","targetHints":{"allow":["GET"]}}],"collection":[{"href":"https:\/\/www.aktywnyseniormm.pl\/index.php\/wp-json\/wp\/v2\/posts"}],"about":[{"href":"https:\/\/www.aktywnyseniormm.pl\/index.php\/wp-json\/wp\/v2\/types\/post"}],"author":[{"embeddable":true,"href":"https:\/\/www.aktywnyseniormm.pl\/index.php\/wp-json\/wp\/v2\/users\/1"}],"replies":[{"embeddable":true,"href":"https:\/\/www.aktywnyseniormm.pl\/index.php\/wp-json\/wp\/v2\/comments?post=9302"}],"version-history":[{"count":2,"href":"https:\/\/www.aktywnyseniormm.pl\/index.php\/wp-json\/wp\/v2\/posts\/9302\/revisions"}],"predecessor-version":[{"id":9304,"href":"https:\/\/www.aktywnyseniormm.pl\/index.php\/wp-json\/wp\/v2\/posts\/9302\/revisions\/9304"}],"wp:attachment":[{"href":"https:\/\/www.aktywnyseniormm.pl\/index.php\/wp-json\/wp\/v2\/media?parent=9302"}],"wp:term":[{"taxonomy":"category","embeddable":true,"href":"https:\/\/www.aktywnyseniormm.pl\/index.php\/wp-json\/wp\/v2\/categories?post=9302"},{"taxonomy":"post_tag","embeddable":true,"href":"https:\/\/www.aktywnyseniormm.pl\/index.php\/wp-json\/wp\/v2\/tags?post=9302"}],"curies":[{"name":"wp","href":"https:\/\/api.w.org\/{rel}","templated":true}]}}