{"id":9153,"date":"2021-02-25T09:30:00","date_gmt":"2021-02-25T08:30:00","guid":{"rendered":"http:\/\/www.aktywnyseniormm.pl\/?p=9153"},"modified":"2021-02-25T07:36:01","modified_gmt":"2021-02-25T06:36:01","slug":"xiv-lecie-stowarzyszenia","status":"publish","type":"post","link":"https:\/\/www.aktywnyseniormm.pl\/index.php\/2021\/02\/25\/xiv-lecie-stowarzyszenia\/","title":{"rendered":"XIV &#8211; lecie Stowarzyszenia"},"content":{"rendered":"\n<p><strong>Jako kontynuacj\u0119 wydarze\u0144 z \u017cycia S&#8221;RTW&#8221; (Biuletyn na X lecie) prezentujemy Pa\u0144stwu skr\u00f3t dzia\u0142a\u0144 za lata 2018-20<\/strong><\/p>\n\n\n\n<p><strong>&nbsp;czerwiec 2018.r<\/strong>&nbsp;&#8211; Uroczysta Sesja z okazji X lecia S&#8221;RTW&#8221;, odebranie medalu PRO MASOVIA przyznanego przez Marsza\u0142ka woj. mazowieckiego na wniosek Starosty Mi\u0144skiego. Medale otrzymali r\u00f3wnie\u017c: J.Maciejewska i M.Wocial, 7 os. otrzyma\u0142o dyplomy uznania za wieloletni\u0105 dzia\u0142alno\u015b\u0107 na rzecz stowarzyszenia.  <a href=\"http:\/\/www.aktywnyseniormm.pl\/index.php\/galeria\/galeria-rocznice-mutw\/\">http:\/\/www.aktywnyseniormm.pl\/index.php\/galeria\/galeria-rocznice-mutw\/<\/a><\/p>\n\n\n\n<p>Zakopanie Kapsu\u0142y Czasu<\/p>\n\n\n\n<p><strong> latach 2018\/19\/20<\/strong>&nbsp;realizowane kolejne Projekty AS-ZS pozwalaj\u0105ce na zwi\u0119kszenie oferty dzia\u0142a\u0144 kulturalnych, turystycznych i realizacji zada\u0144 integracji mi\u0119dzypokoleniowej.<\/p>\n\n\n\n<p>Zorganizowano 8 wycieczek (1, 2, 3,4 dniowych), nawi\u0105zano kontakty programowe z Przedszkolem nr 6.&nbsp; Niepublicznym &#8222;Domowym Przedszkolem,&#8221; SP nr 3, a w ramach wyk\u0142ad\u00f3w otwartych z m\u0142odzie\u017c\u0105 szk\u00f3\u0142 \u015brednich i seniorami niezrzeszonymi.<\/p>\n\n\n\n<p>&#8211;&nbsp; w ramach zaj\u0119\u0107 programowych grupa taneczna ?Jak nie my to kto? &nbsp;i grupa wokalna &nbsp;?\u015apiewajmy razem? &nbsp;doskonali\u0142a swoje umiej\u0119tno\u015bci prezentuj\u0105c je na forum miejskim, regionalnym i og\u00f3lnopolskim:<\/p>\n\n\n\n<p><strong>&nbsp;czerwiec 19r &#8211;&nbsp;<\/strong>obchody 598 rocznicy nadania praw miejskich dla Mi\u0144ska,<\/p>\n\n\n\n<p>udzia\u0142 w koncercie ?Pomaluj miasto na \u017c\u00f3\u0142to i na niebiesko?,&nbsp;<\/p>\n\n\n\n<p>&#8211; wyst\u0119py gr. ?\u015apiewamy razem?, grupy tanecznej i wokalu podczas zako\u0144czenia akcji ?POVER ON?&nbsp;<\/p>\n\n\n\n<p>&#8211; udzia\u0142 w II Przegl\u0105dzie Artystycznym Tw\u00f3rczo\u015bci os\u00f3b starszych organizowanych przez MCPS&nbsp; &nbsp; &nbsp; &nbsp; &nbsp; &nbsp; &nbsp; &nbsp; &nbsp; &nbsp; &nbsp; &nbsp; &nbsp;<\/p>\n\n\n\n<p>&nbsp;&#8211; II miejsce na Festiwalu Regionalnym Tw\u00f3rczo\u015bci Artystycznej. Senior\u00f3w w Siedlcach&nbsp; &nbsp;<\/p>\n\n\n\n<p>&nbsp;&nbsp;&nbsp;<strong>listopad&nbsp; 2019r. &#8211; <\/strong>&nbsp;?GRAND PRIX? &nbsp;dla grupy tanecznej ?Jak nie my to kto? na Og\u00f3lnopolskich Juwenaliach III wieku w Warszawie&nbsp;<\/p>\n\n\n\n<p>&nbsp; &nbsp;<strong>stycze\u0144 2020r&nbsp;<\/strong>&#8211; udzia\u0142 grupy \u015bpiewaj\u0105cej i tanecznej w imprezach miejskich:<\/p>\n\n\n\n<p>&#8211; kol\u0119dowanie: na Starym Rynku, w ko\u015bciele \u015bw.Antoniego, w Szkole Specjalnej w Ignacowie, w Domu pobytu dziennego Caritas,<\/p>\n\n\n\n<p>&#8211; udzia\u0142 w Finale WO\u015aP.&nbsp;<\/p>\n\n\n\n<p>&nbsp;&nbsp;<strong>wrzesie\u0144&nbsp;2020r &#8211; <\/strong>(podobnie jak w roku 2019) udzia\u0142 w Mazowieckiej Spartakiadzie Sportowej Senior\u00f3w w Mrozach&nbsp; &nbsp;<\/p>\n\n\n\n<p><strong>&nbsp;Od 15 marca 2020r.<\/strong>&nbsp;&nbsp;zawieszono wszelk\u0105 dzia\u0142alno\u015b\u0107 o\u015bwiatowo &#8211; kulturaln\u0105. Zamar\u0142y teatry, si\u0142ownie, ograniczono przemieszczanie si\u0119 &#8211; odwo\u0142ano wycieczki<\/p>\n\n\n\n<p><strong>czerwiec<\/strong>&nbsp;&#8211; Walne Zebranie Cz\u0142onk\u00f3w (z zachowaniem wymog\u00f3w pandemicznych)&nbsp; &nbsp;<\/p>\n\n\n\n<p>&nbsp;<strong>wrzesie\u0144<\/strong>&nbsp; &#8211; wyjazd 40 os. grupy na wypoczynek do Okuninki&nbsp; &nbsp;<\/p>\n\n\n\n<p>&nbsp;<strong>pa\u017adziernik&nbsp;<\/strong>&#8211; inauguracja roku 2020\/21 spektaklem &#8222;Boski Andriolli&#8221;.<\/p>\n\n\n\n<p>Rozpoczynamy obchody 600 lecia miasta. Jadwiga Maciejewska &#8211; prezes S&#8221;RTW&#8221; zostaje cz\u0142onkiem Komitetu Honorowego obchod\u00f3w.<\/p>\n\n\n\n<p><strong>Po 15 pa\u017adziernika&nbsp;<\/strong>znowu przerwa pandemiczna, przechodzimy na zaj\u0119cia zdalne poprzez nasz\u0105 stron\u0119 internetow\u0105 i facebook.<\/p>\n\n\n\n<p><strong>&#8211; 16 luty 21r.<\/strong>&nbsp;XIV lecie MUTW, pandemia trwa, my planujemy dalsze dzia\u0142ania programowe.<\/p>\n\n\n\n<p>Musimy odczarowa\u0107 te ci\u0119\u017ckie dla nas chwile, by powr\u00f3ci\u0142y dobre czasy z przed pandemii. Najlepiej zrobi\u0105 to urocze czarownice z zespo\u0142u ?Jak nie my to kto? w uk\u0142adzie choreograficznym Pani Agnieszki Sawki pt. ?Kuchenne rewolucje? (I nagroda RT\u015a we W\u0142oc\u0142awku).<\/p>\n\n\n\n<figure class=\"wp-block-embed is-type-video is-provider-youtube wp-block-embed-youtube wp-embed-aspect-16-9 wp-has-aspect-ratio\"><div class=\"wp-block-embed__wrapper\">\n<iframe loading=\"lazy\" title=\"Taniec Czarownic\" width=\"860\" height=\"484\" src=\"https:\/\/www.youtube.com\/embed\/e3OEk4801T0?feature=oembed\" frameborder=\"0\" allow=\"accelerometer; autoplay; clipboard-write; encrypted-media; gyroscope; picture-in-picture\" allowfullscreen><\/iframe>\n<\/div><\/figure>\n\n\n\n<p><\/p>\n","protected":false},"excerpt":{"rendered":"<p>Jako kontynuacj\u0119 wydarze\u0144 z \u017cycia S&#8221;RTW&#8221; (Biuletyn na X lecie) prezentujemy Pa\u0144stwu skr\u00f3t dzia\u0142a\u0144 za lata 2018-20 &nbsp;czerwiec 2018.r&nbsp;&#8211; Uroczysta Sesja z okazji X lecia S&#8221;RTW&#8221;, odebranie medalu PRO MASOVIA przyznanego przez Marsza\u0142ka woj. mazowieckiego na wniosek Starosty Mi\u0144skiego. Medale otrzymali r\u00f3wnie\u017c: J.Maciejewska i M.Wocial, 7 os. otrzyma\u0142o dyplomy uznania za wieloletni\u0105 dzia\u0142alno\u015b\u0107 na rzecz stowarzyszenia. http:\/\/www.aktywnyseniormm.pl\/index.php\/galeria\/galeria-rocznice-mutw\/ Zakopanie Kapsu\u0142y Czasu <span class=\"more-button\"><a class=\"more-link\" href=\"https:\/\/www.aktywnyseniormm.pl\/index.php\/2021\/02\/25\/xiv-lecie-stowarzyszenia\/\">Czytaj ca\u0142o\u015b\u0107<\/a><\/span><\/p>\n","protected":false},"author":1,"featured_media":0,"comment_status":"open","ping_status":"open","sticky":false,"template":"","format":"standard","meta":{"footnotes":""},"categories":[5],"tags":[],"class_list":["post-9153","post","type-post","status-publish","format-standard","hentry","category-strona-glowna"],"_links":{"self":[{"href":"https:\/\/www.aktywnyseniormm.pl\/index.php\/wp-json\/wp\/v2\/posts\/9153","targetHints":{"allow":["GET"]}}],"collection":[{"href":"https:\/\/www.aktywnyseniormm.pl\/index.php\/wp-json\/wp\/v2\/posts"}],"about":[{"href":"https:\/\/www.aktywnyseniormm.pl\/index.php\/wp-json\/wp\/v2\/types\/post"}],"author":[{"embeddable":true,"href":"https:\/\/www.aktywnyseniormm.pl\/index.php\/wp-json\/wp\/v2\/users\/1"}],"replies":[{"embeddable":true,"href":"https:\/\/www.aktywnyseniormm.pl\/index.php\/wp-json\/wp\/v2\/comments?post=9153"}],"version-history":[{"count":5,"href":"https:\/\/www.aktywnyseniormm.pl\/index.php\/wp-json\/wp\/v2\/posts\/9153\/revisions"}],"predecessor-version":[{"id":9168,"href":"https:\/\/www.aktywnyseniormm.pl\/index.php\/wp-json\/wp\/v2\/posts\/9153\/revisions\/9168"}],"wp:attachment":[{"href":"https:\/\/www.aktywnyseniormm.pl\/index.php\/wp-json\/wp\/v2\/media?parent=9153"}],"wp:term":[{"taxonomy":"category","embeddable":true,"href":"https:\/\/www.aktywnyseniormm.pl\/index.php\/wp-json\/wp\/v2\/categories?post=9153"},{"taxonomy":"post_tag","embeddable":true,"href":"https:\/\/www.aktywnyseniormm.pl\/index.php\/wp-json\/wp\/v2\/tags?post=9153"}],"curies":[{"name":"wp","href":"https:\/\/api.w.org\/{rel}","templated":true}]}}