{"id":898,"date":"2017-03-20T11:52:14","date_gmt":"2017-03-20T10:52:14","guid":{"rendered":"http:\/\/serwer1734277.home.pl\/?p=898"},"modified":"2017-08-08T11:52:34","modified_gmt":"2017-08-08T09:52:34","slug":"wiosno-ach-to-ty","status":"publish","type":"post","link":"https:\/\/www.aktywnyseniormm.pl\/index.php\/2017\/03\/20\/wiosno-ach-to-ty\/","title":{"rendered":",, Wiosno , ach, to Ty,, ."},"content":{"rendered":"<p style=\"text-align: justify;\">20.03.2017r. kolejnym koncertem z cyklu ,, Cztery Pory Roku,, przywitali\u015bmy wiosn\u0119.Koncert nosi\u0142 nazw\u0119 ,, Wiosno , ach, to Ty,, i dedykowany by\u0142 wszystkim<br \/>\nmarcowym solenizantkom.<\/p>\n<p style=\"text-align: justify;\">W Zielonym Domku udekorowanym tego dnia kwiatami \u015bpiewali\u015bmy najpi\u0119kniejsze polskie piosenki o wio\u015bnie, czytali\u015bmy wiersze o wio\u015bnie , o kobietach , o mi\u0142o\u015bci ,autorstwa naszych uniwersyteckich kole\u017canek i koleg\u00f3w, podziwiali\u015bmy rozwieszone na \u015bcianach przepi\u0119kne obrazy kwiat\u00f3w namalowane przez nasze kole\u017canki . Tradycyjnie te\u017c kole\u017canki solenizantki napiek\u0142y pysznych ciast, przynios\u0142y domowe nalewki wi\u0119c byly toasty , degustacja wypiek\u00f3w i serdeczne rozmowy.<\/p>\n<p style=\"text-align: justify;\">Biletem wst\u0119pu na imprez\u0119 by\u0142y kapelusze udekorowane kwiatami.Kole\u017canki wykaza\u0142y si\u0119 niesamowit\u0105 inwencj\u0105 ,co wida\u0107 na zdj\u0119ciach.<br \/>\nBy\u0142o pi\u0119knie , kolorowo i rado\u015bnie .<\/p>\n<p style=\"text-align: justify;\">Miejmy nadziej\u0119 ,\u017ce ca\u0142a wiosna b\u0119dzie w\u0142a\u015bnie taka<\/p>\n\n\t\t<style type=\"text\/css\">\n\t\t\t#gallery-1 {\n\t\t\t\tmargin: auto;\n\t\t\t}\n\t\t\t#gallery-1 .gallery-item {\n\t\t\t\tfloat: left;\n\t\t\t\tmargin-top: 10px;\n\t\t\t\ttext-align: center;\n\t\t\t\twidth: 33%;\n\t\t\t}\n\t\t\t#gallery-1 img {\n\t\t\t\tborder: 2px solid #cfcfcf;\n\t\t\t}\n\t\t\t#gallery-1 .gallery-caption {\n\t\t\t\tmargin-left: 0;\n\t\t\t}\n\t\t\t\/* see gallery_shortcode() in wp-includes\/media.php *\/\n\t\t<\/style>\n\t\t<div id='gallery-1' class='gallery galleryid-898 gallery-columns-3 gallery-size-thumbnail'><dl class='gallery-item'>\n\t\t\t<dt class='gallery-icon landscape'>\n\t\t\t\t<a href='https:\/\/www.aktywnyseniormm.pl\/wp-content\/uploads\/2017\/08\/teaserbox_2470049664.jpg'><img loading=\"lazy\" decoding=\"async\" width=\"150\" height=\"150\" src=\"https:\/\/www.aktywnyseniormm.pl\/wp-content\/uploads\/2017\/08\/teaserbox_2470049664-150x150.jpg\" class=\"attachment-thumbnail size-thumbnail\" alt=\"\" \/><\/a>\n\t\t\t<\/dt><\/dl><dl class='gallery-item'>\n\t\t\t<dt class='gallery-icon landscape'>\n\t\t\t\t<a href='https:\/\/www.aktywnyseniormm.pl\/wp-content\/uploads\/2017\/08\/teaserbox_2470049657.jpg'><img loading=\"lazy\" decoding=\"async\" width=\"150\" height=\"150\" src=\"https:\/\/www.aktywnyseniormm.pl\/wp-content\/uploads\/2017\/08\/teaserbox_2470049657-150x150.jpg\" class=\"attachment-thumbnail size-thumbnail\" alt=\"\" \/><\/a>\n\t\t\t<\/dt><\/dl>\n\t\t\t<br style='clear: both' \/>\n\t\t<\/div>\n\n","protected":false},"excerpt":{"rendered":"<p>20.03.2017r. kolejnym koncertem z cyklu ,, Cztery Pory Roku,, przywitali\u015bmy wiosn\u0119.Koncert nosi\u0142 nazw\u0119 ,, Wiosno , ach, to Ty,, i dedykowany by\u0142 wszystkim marcowym solenizantkom. W Zielonym Domku udekorowanym tego dnia kwiatami \u015bpiewali\u015bmy najpi\u0119kniejsze polskie piosenki o wio\u015bnie, czytali\u015bmy wiersze o wio\u015bnie , o kobietach , o mi\u0142o\u015bci ,autorstwa naszych uniwersyteckich kole\u017canek i koleg\u00f3w, podziwiali\u015bmy rozwieszone na \u015bcianach przepi\u0119kne obrazy <span class=\"more-button\"><a class=\"more-link\" href=\"https:\/\/www.aktywnyseniormm.pl\/index.php\/2017\/03\/20\/wiosno-ach-to-ty\/\">Czytaj ca\u0142o\u015b\u0107<\/a><\/span><\/p>\n","protected":false},"author":1,"featured_media":0,"comment_status":"open","ping_status":"open","sticky":false,"template":"","format":"standard","meta":{"footnotes":""},"categories":[5,17],"tags":[],"class_list":["post-898","post","type-post","status-publish","format-standard","hentry","category-strona-glowna","category-uroczystosci-i-spotkania"],"_links":{"self":[{"href":"https:\/\/www.aktywnyseniormm.pl\/index.php\/wp-json\/wp\/v2\/posts\/898","targetHints":{"allow":["GET"]}}],"collection":[{"href":"https:\/\/www.aktywnyseniormm.pl\/index.php\/wp-json\/wp\/v2\/posts"}],"about":[{"href":"https:\/\/www.aktywnyseniormm.pl\/index.php\/wp-json\/wp\/v2\/types\/post"}],"author":[{"embeddable":true,"href":"https:\/\/www.aktywnyseniormm.pl\/index.php\/wp-json\/wp\/v2\/users\/1"}],"replies":[{"embeddable":true,"href":"https:\/\/www.aktywnyseniormm.pl\/index.php\/wp-json\/wp\/v2\/comments?post=898"}],"version-history":[{"count":1,"href":"https:\/\/www.aktywnyseniormm.pl\/index.php\/wp-json\/wp\/v2\/posts\/898\/revisions"}],"predecessor-version":[{"id":901,"href":"https:\/\/www.aktywnyseniormm.pl\/index.php\/wp-json\/wp\/v2\/posts\/898\/revisions\/901"}],"wp:attachment":[{"href":"https:\/\/www.aktywnyseniormm.pl\/index.php\/wp-json\/wp\/v2\/media?parent=898"}],"wp:term":[{"taxonomy":"category","embeddable":true,"href":"https:\/\/www.aktywnyseniormm.pl\/index.php\/wp-json\/wp\/v2\/categories?post=898"},{"taxonomy":"post_tag","embeddable":true,"href":"https:\/\/www.aktywnyseniormm.pl\/index.php\/wp-json\/wp\/v2\/tags?post=898"}],"curies":[{"name":"wp","href":"https:\/\/api.w.org\/{rel}","templated":true}]}}