{"id":8869,"date":"2020-12-30T13:55:55","date_gmt":"2020-12-30T12:55:55","guid":{"rendered":"http:\/\/www.aktywnyseniormm.pl\/?p=8869"},"modified":"2020-12-30T13:55:56","modified_gmt":"2020-12-30T12:55:56","slug":"8869","status":"publish","type":"post","link":"https:\/\/www.aktywnyseniormm.pl\/index.php\/2020\/12\/30\/8869\/","title":{"rendered":""},"content":{"rendered":"\n<p>W imieniu Kole\u017canek\u00a0i Koleg\u00f3w Mi\u0144skiego UTW sk\u0142adamy wyrazy wsp\u00f3\u0142czucia i \u017calu z powodu \u015bmierci ma\u0142\u017conk\u00f3w\u00a0            \u00a0kole\u017cance <strong>Barbarze Rutkowskiej<\/strong> i kole\u017cance <strong>Teresie Ma\u0142kowskiej<\/strong>\u00a0<\/p>\n\n\n\n<div class=\"wp-block-image\"><figure class=\"aligncenter size-medium is-resized\"><img loading=\"lazy\" decoding=\"async\" src=\"http:\/\/www.aktywnyseniormm.pl\/wp-content\/uploads\/2020\/12\/wst\u0105\u017cka-300x300.jpg\" alt=\"\" class=\"wp-image-8870\" width=\"122\" height=\"122\" srcset=\"https:\/\/www.aktywnyseniormm.pl\/wp-content\/uploads\/2020\/12\/wst\u0105\u017cka-300x300.jpg 300w, https:\/\/www.aktywnyseniormm.pl\/wp-content\/uploads\/2020\/12\/wst\u0105\u017cka-150x150.jpg 150w, https:\/\/www.aktywnyseniormm.pl\/wp-content\/uploads\/2020\/12\/wst\u0105\u017cka.jpg 626w\" sizes=\"auto, (max-width: 122px) 100vw, 122px\" \/><\/figure><\/div>\n\n\n\n<p>&#8222;Ci, kt\u00f3rych kochamy nie odchodz\u0105 nigdy ,bo mi\u0142o\u015b\u0107 to nie\u015bmiertelno\u015b\u0107&#8221;\u00a0 \u00a0\u00a0 \u00a0 \u00a0 \u00a0 \u00a0 \u00a0\u00a0 \u00a0 \u00a0 \u00a0 \u00a0 \u00a0 \u00a0 \u00a0 \u00a0 \u00a0 \u00a0 \u00a0 \u00a0 \u00a0 \u00a0 \u00a0 \u00a0 \u00a0 \u00a0 \u00a0 \u00a0 \u00a0 \u00a0 \u00a0 \u00a0 \u00a0 \u00a0 \u00a0 \u00a0 \u00a0<\/p>\n\n\n\n<p>\u00a0 \u00a0 \u00a0 \u00a0 \u00a0 \u00a0 \u00a0 \u00a0 \u00a0 \u00a0 \u00a0 \u00a0 \u00a0 \u00a0 \u00a0 \u00a0 \u00a0 \u00a0 Zarz\u0105d Stowarzyszenia &#8222;RTW&#8221;<\/p>\n","protected":false},"excerpt":{"rendered":"<p>W imieniu Kole\u017canek\u00a0i Koleg\u00f3w Mi\u0144skiego UTW sk\u0142adamy wyrazy wsp\u00f3\u0142czucia i \u017calu z powodu \u015bmierci ma\u0142\u017conk\u00f3w\u00a0 \u00a0kole\u017cance Barbarze Rutkowskiej i kole\u017cance Teresie Ma\u0142kowskiej\u00a0 &#8222;Ci, kt\u00f3rych kochamy nie odchodz\u0105 nigdy ,bo mi\u0142o\u015b\u0107 to nie\u015bmiertelno\u015b\u0107&#8221;\u00a0 \u00a0\u00a0 \u00a0 \u00a0 \u00a0 \u00a0 \u00a0\u00a0 \u00a0 \u00a0 \u00a0 \u00a0 \u00a0 \u00a0 \u00a0 \u00a0 \u00a0 \u00a0 \u00a0 \u00a0 \u00a0 \u00a0 \u00a0 \u00a0 \u00a0 \u00a0 \u00a0 \u00a0 \u00a0 \u00a0 <span class=\"more-button\"><a class=\"more-link\" href=\"https:\/\/www.aktywnyseniormm.pl\/index.php\/2020\/12\/30\/8869\/\">Czytaj ca\u0142o\u015b\u0107<\/a><\/span><\/p>\n","protected":false},"author":1,"featured_media":0,"comment_status":"open","ping_status":"open","sticky":false,"template":"","format":"standard","meta":{"footnotes":""},"categories":[5],"tags":[],"class_list":["post-8869","post","type-post","status-publish","format-standard","hentry","category-strona-glowna"],"_links":{"self":[{"href":"https:\/\/www.aktywnyseniormm.pl\/index.php\/wp-json\/wp\/v2\/posts\/8869","targetHints":{"allow":["GET"]}}],"collection":[{"href":"https:\/\/www.aktywnyseniormm.pl\/index.php\/wp-json\/wp\/v2\/posts"}],"about":[{"href":"https:\/\/www.aktywnyseniormm.pl\/index.php\/wp-json\/wp\/v2\/types\/post"}],"author":[{"embeddable":true,"href":"https:\/\/www.aktywnyseniormm.pl\/index.php\/wp-json\/wp\/v2\/users\/1"}],"replies":[{"embeddable":true,"href":"https:\/\/www.aktywnyseniormm.pl\/index.php\/wp-json\/wp\/v2\/comments?post=8869"}],"version-history":[{"count":3,"href":"https:\/\/www.aktywnyseniormm.pl\/index.php\/wp-json\/wp\/v2\/posts\/8869\/revisions"}],"predecessor-version":[{"id":8873,"href":"https:\/\/www.aktywnyseniormm.pl\/index.php\/wp-json\/wp\/v2\/posts\/8869\/revisions\/8873"}],"wp:attachment":[{"href":"https:\/\/www.aktywnyseniormm.pl\/index.php\/wp-json\/wp\/v2\/media?parent=8869"}],"wp:term":[{"taxonomy":"category","embeddable":true,"href":"https:\/\/www.aktywnyseniormm.pl\/index.php\/wp-json\/wp\/v2\/categories?post=8869"},{"taxonomy":"post_tag","embeddable":true,"href":"https:\/\/www.aktywnyseniormm.pl\/index.php\/wp-json\/wp\/v2\/tags?post=8869"}],"curies":[{"name":"wp","href":"https:\/\/api.w.org\/{rel}","templated":true}]}}