{"id":8277,"date":"2020-08-27T20:55:33","date_gmt":"2020-08-27T18:55:33","guid":{"rendered":"http:\/\/www.aktywnyseniormm.pl\/?p=8277"},"modified":"2020-08-27T20:55:37","modified_gmt":"2020-08-27T18:55:37","slug":"mazowiecka-sportowa-senioriada-2020-mrozy-12-wrzesnia-2020-r","status":"publish","type":"post","link":"https:\/\/www.aktywnyseniormm.pl\/index.php\/2020\/08\/27\/mazowiecka-sportowa-senioriada-2020-mrozy-12-wrzesnia-2020-r\/","title":{"rendered":"MAZOWIECKA SPORTOWA SENIORIADA 2020   MROZY  12 wrze\u015bnia 2020 r."},"content":{"rendered":"\n<figure class=\"wp-block-table\"><table class=\"\"><tbody><tr><td>\n  <strong>&nbsp;<\/strong>\n  <\/td><td> <\/td><\/tr><\/tbody><\/table><\/figure>\n\n\n\n<p>Szanowni Pa\u0144stwo, <\/p>\n\n\n\n<p>serdecznie zapraszamy do udzia\u0142u w MAZOWIECKIEJ\nSPORTOWEJ SENIORIADZIE 2020. B\u0119dzie to&nbsp; wydarzenie o charakterze imprezy\nsportowo-rekreacyjnej z elementami rywalizacji , kt\u00f3re odb\u0119dzie si\u0119 12 wrze\u015bnia 2020&nbsp; w godz.10.00 -17.00&nbsp; &nbsp;na obiektach sportowych &nbsp;w Mrozach.<\/p>\n\n\n\n<pre class=\"wp-block-preformatted\">Celem imprezy jestwykszta\u0142cenie w pokoleniu os\u00f3b starszych potrzeby dbania o w\u0142asne zdrowie,&nbsp; dobr\u0105 kondycj\u0119 fizyczn\u0105 i psychiczn\u0105, zrozumienia egzystencjalnej potrzeby ruchu, jego znaczenia &nbsp;&nbsp;&nbsp;&nbsp;&nbsp;&nbsp;&nbsp;&nbsp;&nbsp;&nbsp;&nbsp;&nbsp;&nbsp;&nbsp;&nbsp;&nbsp;&nbsp;&nbsp;&nbsp;&nbsp;&nbsp;&nbsp;&nbsp;&nbsp;&nbsp;&nbsp;&nbsp;&nbsp;&nbsp;&nbsp;&nbsp;&nbsp;&nbsp;&nbsp;&nbsp;&nbsp;&nbsp;w podtrzymaniu sprawno\u015bci fizycznej i psychicznej oraz promowanie aktywnego stylu \u017cycia.&nbsp; <\/pre>\n\n\n\n<p>Jak &nbsp;powszechnie wiadomo na Mazowszu mieszka &nbsp;du\u017co os\u00f3b w wieku starszym 55+. Wiele z nich\njest zainteresowanych r\u00f3\u017cnymi formami rekreacji,&nbsp; nie zawsze maj\u0105c\nmo\u017cliwo\u015b\u0107 regularnego uczestnictwa. St\u0105d konieczno\u015b\u0107 zapoznania ich z\nmo\u017cliwo\u015bciami aktywnego sp\u0119dzania czasu, ofert\u0105 nowoczesnych form rekreacji i\npotrzeb\u0105 dbania o w\u0142asn\u0105 kondycj\u0119 fizyczn\u0105 i psychiczn\u0105.&nbsp; Uczestnicy Senioriady\nrywalizowa\u0107 b\u0119d\u0105 w dyscyplinach indywidualnych (tenis sto\u0142owy, bieg na dystansie\n40 m, pchni\u0119cie kul\u0105, skok w dal z miejsca, strzelanie z \u0142uku, strzelanie z broni pneumatycznej, ergometry\nwio\u015blarskie, tenis ziemny). Rywalizacja odbywa\u0107 si\u0119 b\u0119dzie w trzech kategoriach\nwiekowych: 55-65 lat, 66-70 lat i powy\u017cej 70 roku \u017cycia. Zwyci\u0119zcy konkurencji\notrzymaj\u0105 okoliczno\u015bciowe medale oraz drobne upominki. Dodatkowo uczestnicy\nimprezy b\u0119d\u0105 mogli wzi\u0105\u0107 udzia\u0142 w szeregu atrakcyjnych konkurencjach\nrekreacyjnych. &nbsp;&nbsp;&nbsp;&nbsp;&nbsp;&nbsp;&nbsp;&nbsp;&nbsp;&nbsp;&nbsp;&nbsp;&nbsp;&nbsp;&nbsp;&nbsp;&nbsp;W\nMiasteczku Zdrowego Seniora&nbsp; skorzysta\u0107 z\ndarmowych bada\u0144 oraz porad zdrowotnych (m.in. pomiary t\u0119tna, cukru, tkanki\nt\u0142uszczowej), wzi\u0105\u0107 udzia\u0142 w konkursach i zabawach prowadzonych przez\nanimator\u00f3w. Dodatkow\u0105 atrakcj\u0105 b\u0119dzie Scena dla Seniora, na kt\u00f3rej ogl\u0105da\u0107\nb\u0119dzie mo\u017cna pokazy z zakresu sportu, rekreacji ruchowej, kultury i rozrywki &#8211;\nzapraszamy &nbsp;mazowieckie kluby seniora,\nUniwersytety Trzeciego Wieku, O\u015brodki Sportu i Rekreacji do zaprezentowania\nswoich program\u00f3w artystycznych i sportowych. Ka\u017cdy uczestnik przy wej\u015bciu na\nimprez\u0119 otrzyma pakiet startowy: maseczka jednorazowa,&nbsp;&nbsp;&nbsp;&nbsp;&nbsp;&nbsp;&nbsp;&nbsp;&nbsp;&nbsp;&nbsp;&nbsp;&nbsp;&nbsp;&nbsp;&nbsp;&nbsp;&nbsp;&nbsp;&nbsp;&nbsp;&nbsp;&nbsp;&nbsp;&nbsp;&nbsp;&nbsp;&nbsp;&nbsp;&nbsp;&nbsp;&nbsp;&nbsp;&nbsp;&nbsp; &nbsp;\u017cel antybakteryjny, plecak, koszulka, kubek,\nczapka, woda oraz b\u0119dzie m\u00f3g\u0142 skorzysta\u0107 &nbsp;z bezp\u0142atnego pocz\u0119stunku, kt\u00f3ry b\u0119dzie\nprzygotowany w strefie gastronomicznej. <\/p>\n\n\n\n<p>&nbsp;&nbsp;&nbsp;&nbsp;&nbsp;&nbsp;&nbsp;&nbsp;&nbsp;&nbsp;&nbsp;&nbsp;&nbsp;&nbsp;&nbsp;&nbsp;&nbsp;&nbsp;&nbsp;&nbsp;&nbsp;&nbsp;&nbsp;&nbsp;&nbsp;&nbsp;&nbsp;&nbsp;&nbsp;&nbsp;&nbsp;&nbsp;&nbsp;&nbsp;&nbsp;&nbsp;&nbsp;&nbsp;&nbsp;&nbsp;&nbsp;&nbsp;&nbsp;&nbsp;&nbsp;&nbsp;&nbsp;&nbsp;&nbsp;&nbsp;&nbsp;&nbsp;&nbsp;&nbsp;&nbsp;&nbsp;&nbsp;&nbsp;&nbsp;&nbsp;&nbsp;&nbsp;&nbsp;&nbsp;&nbsp;&nbsp;&nbsp;&nbsp;&nbsp;&nbsp;&nbsp;&nbsp;&nbsp;&nbsp;&nbsp;&nbsp;&nbsp;&nbsp;&nbsp;&nbsp;&nbsp;&nbsp;&nbsp;&nbsp;&nbsp;&nbsp;&nbsp;&nbsp;&nbsp;&nbsp;&nbsp;&nbsp;&nbsp;&nbsp;&nbsp;&nbsp;&nbsp;&nbsp;&nbsp;&nbsp;\nSerdecznie zapraszamy.<a><\/a><\/p>\n\n\n\n<p><strong>Informacje:<\/strong> Mazowieckie Towarzystwo Krzewienia\nKultury Fizycznej&nbsp; <a href=\"http:\/\/www.tkkf-mazowieckie.pl\">www.tkkf-mazowieckie.pl<\/a>&nbsp;&nbsp;\n<\/p>\n\n\n\n<p>e-mail:\ntkkfmazowieckie@o2.pl&nbsp; tel. <strong>22&nbsp;834 76 98<\/strong> w godz. 14.00 &#8211; 18.00,\n<strong>799 075 088<\/strong> w godz.10.00 -17.00<\/p>\n\n\n\n<p><strong><em>MAZOWIECKA SPORTOWA\nSENIORIADA 2020 organizowana b\u0119dzie zgodnie z wytycznymi G\u0142\u00f3wnego Inspektora\nSanitarnego, s\u0142u\u017c\u0105cymi ograniczeniu ryzyka zaka\u017cenia uczestnik\u00f3w podczas\nimprezy w czasie trwania epidemii COVID-19.<\/em><\/strong><\/p>\n\n\n\n<p><strong><em>Zadanie\ndofinansowane ze \u015brodk\u00f3w bud\u017cetu Wojew\u00f3dztwa Mazowieckiego <\/em><\/strong><\/p>\n\n\n\n<figure class=\"wp-block-table\"><table class=\"\"><tbody><tr><td>\n  <a>PATRONAT\n  HONOROWY<\/a>:\n  \n   \n   \n    \n    \n    \n    \n    \n    \n    \n    \n    \n    \n    \n    \n   \n   \n   \n  \n   \n  \n  Marsza\u0142ek\n  Wojew\u00f3dztwa\n  Mazowieckiego\n  <\/td><td>\n  \n   \n  \n  <\/td><td>\n  \n   \n  \n  <\/td><td>\n  \n   \n  \n  <\/td><td>\n  \n   \n  \n  <\/td><td>&nbsp;<\/td><\/tr><tr><td>\n  Patronat medialny\n  <\/td><td>&nbsp;<\/td><\/tr><tr><td>\n  \n   \n  \n  <\/td><td>\n  \n   \n  \n  <\/td><td>\n  \n   \n  \n  <\/td><td>\n  \n   \n  \n  <\/td><\/tr><tr><td><\/td><td><\/td><td><\/td><td><\/td><td><\/td><td><\/td><td><\/td><td><\/td><td><\/td><\/tr><\/tbody><\/table><\/figure>\n\n\n\n<figure class=\"wp-block-table\"><table class=\"\"><tbody><tr><td>\n  &nbsp;\n  <\/td><td>\n  &nbsp;\n  <\/td><td>\n  &nbsp;\n  <\/td><td>\n  &nbsp;\n  <\/td><\/tr><\/tbody><\/table><\/figure>\n","protected":false},"excerpt":{"rendered":"<p>&nbsp; Szanowni Pa\u0144stwo, serdecznie zapraszamy do udzia\u0142u w MAZOWIECKIEJ SPORTOWEJ SENIORIADZIE 2020. B\u0119dzie to&nbsp; wydarzenie o charakterze imprezy sportowo-rekreacyjnej z elementami rywalizacji , kt\u00f3re odb\u0119dzie si\u0119 12 wrze\u015bnia 2020&nbsp; w godz.10.00 -17.00&nbsp; &nbsp;na obiektach sportowych &nbsp;w Mrozach. Celem imprezy jestwykszta\u0142cenie w pokoleniu os\u00f3b starszych potrzeby dbania o w\u0142asne zdrowie,&nbsp; dobr\u0105 kondycj\u0119 fizyczn\u0105 i psychiczn\u0105, zrozumienia egzystencjalnej potrzeby ruchu, jego znaczenia <span class=\"more-button\"><a class=\"more-link\" href=\"https:\/\/www.aktywnyseniormm.pl\/index.php\/2020\/08\/27\/mazowiecka-sportowa-senioriada-2020-mrozy-12-wrzesnia-2020-r\/\">Czytaj ca\u0142o\u015b\u0107<\/a><\/span><\/p>\n","protected":false},"author":1,"featured_media":0,"comment_status":"open","ping_status":"open","sticky":false,"template":"","format":"standard","meta":{"footnotes":""},"categories":[39],"tags":[],"class_list":["post-8277","post","type-post","status-publish","format-standard","hentry","category-tablica-ogloszen"],"_links":{"self":[{"href":"https:\/\/www.aktywnyseniormm.pl\/index.php\/wp-json\/wp\/v2\/posts\/8277","targetHints":{"allow":["GET"]}}],"collection":[{"href":"https:\/\/www.aktywnyseniormm.pl\/index.php\/wp-json\/wp\/v2\/posts"}],"about":[{"href":"https:\/\/www.aktywnyseniormm.pl\/index.php\/wp-json\/wp\/v2\/types\/post"}],"author":[{"embeddable":true,"href":"https:\/\/www.aktywnyseniormm.pl\/index.php\/wp-json\/wp\/v2\/users\/1"}],"replies":[{"embeddable":true,"href":"https:\/\/www.aktywnyseniormm.pl\/index.php\/wp-json\/wp\/v2\/comments?post=8277"}],"version-history":[{"count":1,"href":"https:\/\/www.aktywnyseniormm.pl\/index.php\/wp-json\/wp\/v2\/posts\/8277\/revisions"}],"predecessor-version":[{"id":8278,"href":"https:\/\/www.aktywnyseniormm.pl\/index.php\/wp-json\/wp\/v2\/posts\/8277\/revisions\/8278"}],"wp:attachment":[{"href":"https:\/\/www.aktywnyseniormm.pl\/index.php\/wp-json\/wp\/v2\/media?parent=8277"}],"wp:term":[{"taxonomy":"category","embeddable":true,"href":"https:\/\/www.aktywnyseniormm.pl\/index.php\/wp-json\/wp\/v2\/categories?post=8277"},{"taxonomy":"post_tag","embeddable":true,"href":"https:\/\/www.aktywnyseniormm.pl\/index.php\/wp-json\/wp\/v2\/tags?post=8277"}],"curies":[{"name":"wp","href":"https:\/\/api.w.org\/{rel}","templated":true}]}}