{"id":6396,"date":"2019-01-13T12:10:52","date_gmt":"2019-01-13T11:10:52","guid":{"rendered":"http:\/\/www.aktywnyseniormm.pl\/?p=6396"},"modified":"2019-02-11T09:23:31","modified_gmt":"2019-02-11T08:23:31","slug":"patriotyczne-spiewanie","status":"publish","type":"post","link":"https:\/\/www.aktywnyseniormm.pl\/index.php\/2019\/01\/13\/patriotyczne-spiewanie\/","title":{"rendered":"Patriotyczne  \u015bpiewanie"},"content":{"rendered":"<p><strong><a href=\"http:\/\/www.aktywnyseniormm.pl\/wp-content\/uploads\/2019\/01\/20181120_150229_Burst01.jpg\"><img loading=\"lazy\" decoding=\"async\" class=\"alignleft wp-image-6398 size-medium\" src=\"http:\/\/www.aktywnyseniormm.pl\/wp-content\/uploads\/2019\/01\/20181120_150229_Burst01-300x225.jpg\" alt=\"\" width=\"300\" height=\"225\" srcset=\"https:\/\/www.aktywnyseniormm.pl\/wp-content\/uploads\/2019\/01\/20181120_150229_Burst01-300x225.jpg 300w, https:\/\/www.aktywnyseniormm.pl\/wp-content\/uploads\/2019\/01\/20181120_150229_Burst01-768x576.jpg 768w, https:\/\/www.aktywnyseniormm.pl\/wp-content\/uploads\/2019\/01\/20181120_150229_Burst01-1024x768.jpg 1024w, https:\/\/www.aktywnyseniormm.pl\/wp-content\/uploads\/2019\/01\/20181120_150229_Burst01-355x266.jpg 355w, https:\/\/www.aktywnyseniormm.pl\/wp-content\/uploads\/2019\/01\/20181120_150229_Burst01-90x68.jpg 90w\" sizes=\"auto, (max-width: 300px) 100vw, 300px\" \/><\/a>\u00a0 \u00a0 \u00a0 \u00a0 \u00a0 \u00a0 \u00a0 \u00a0 \u00a0 \u00a0 \u00a0 \u00a0 \u00a0 \u00a0 \u00a0 \u00a0 \u00a0 \u00a0 \u00a0 \u00a0 \u00a0 \u00a0 \u00a0 \u00a0 \u00a0 \u00a0 \u00a0 \u00a0 \u00a0 \u00a0 \u00a0 \u00a0 \u00a0 \u00a0 \u00a0 \u00a0 \u00a0 \u00a0 \u00a0 \u00a0 \u00a0 \u00a0 \u00a0 Patriotyczne \u015bpiewanie<br \/>\n<\/strong><strong>19.11.18r z okazji 100 Rocznicy Odzyskania Niepodleg\u0142o\u015bci przez Polsk\u0119<\/strong> w ramach poniedzia\u0142kowych spotka\u0144\u00a0 kulturalnych , w pi\u0119knej scenerii Muzeum Ziemi Mi\u0144skiej odby\u0142o si\u0119 <strong>?Patriotyczne \u015bpiewanie?<\/strong> , kt\u00f3re zrodzi\u0142o si\u0119 z potrzeby serca. Wyros\u0142o ze wspomnie\u0144 z lat dzieci\u0144stwa i m\u0142odo\u015bci, z tradycji domu rodzinnego, z osobistych do\u015bwiadcze\u0144 dziadk\u00f3w i pradziadk\u00f3w. Patriotyczne \u015bpiewanie to poczucie wi\u0119zi i jedno\u015bci , przywi\u0105zania i przynale\u017cno\u015bci do Ojczyzny. Spotkali\u015bmy si\u0119 by prze\u017cywa\u0107 histori\u0119 Polski , opisan\u0105 w pie\u015bniach i piosenkach patriotycznych. A mottem naszego \u015bpiewania by\u0142y s\u0142owa Oskara Kolberga <strong>? ?Nar\u00f3d , kt\u00f3ry przestaje \u015bpiewa\u0107 , przestaje istnie\u0107?.<\/strong> W scenariuszu \u00a0s\u0142owno ? muzycznym opracowanym przez kole\u017cank\u0119 Ew\u0119 Ga\u0144ko wyst\u0105pi\u0142 ch\u00f3r MUTW\u00a0 w sk\u0142adzie ;<br \/>\n<span style=\"font-size: 1.5rem;\">Danuta Bara\u0144ska , Bogus\u0142awa\u00a0 Boruc , Ewa Ga\u0144ko, , Gra\u017cyna\u00a0 Grzegorczyk , Zofia Grzelak , \u00a0Teresa Frelak , Jadwiga Korze\u0144 , Alicja\u00a0 Ka\u0142owska , Jadwiga Maciejewska , Jerzy Maciejewski , Teresa Marciniak , \u00a0Adam Matwiej ,\u00a0 Ma\u0142gorzata Mi\u0142kowska , \u00a0El\u017cbieta Marianowicz , Jan Paprocki , \u00a0Anna Smole\u0144ska, Krystyna \u00a0Sado , Ma\u0142gorzata Sitek , J\u00f3zef Szymolak , S\u0142awomir Ziemicki ,\u00a0\u00a0\u00a0\u00a0\u00a0\u00a0 Adam Zwierz , El\u017cbieta W\u00f3jcicka<br \/>\n<\/span><strong style=\"font-size: 1.5rem;\">pod batut\u0105 Pani Moniki Pszkit.<br \/>\n<a href=\"http:\/\/www.aktywnyseniormm.pl\/wp-content\/uploads\/2019\/01\/20181120_150643.png\"><img loading=\"lazy\" decoding=\"async\" class=\"wp-image-6401 aligncenter\" src=\"http:\/\/www.aktywnyseniormm.pl\/wp-content\/uploads\/2019\/01\/20181120_150643-150x150.png\" alt=\"\" width=\"269\" height=\"269\" \/><\/a><\/strong><\/p>\n","protected":false},"excerpt":{"rendered":"<p>\u00a0 \u00a0 \u00a0 \u00a0 \u00a0 \u00a0 \u00a0 \u00a0 \u00a0 \u00a0 \u00a0 \u00a0 \u00a0 \u00a0 \u00a0 \u00a0 \u00a0 \u00a0 \u00a0 \u00a0 \u00a0 \u00a0 \u00a0 \u00a0 \u00a0 \u00a0 \u00a0 \u00a0 \u00a0 \u00a0 \u00a0 \u00a0 \u00a0 \u00a0 \u00a0 \u00a0 \u00a0 \u00a0 \u00a0 \u00a0 \u00a0 \u00a0 \u00a0 Patriotyczne \u015bpiewanie 19.11.18r z okazji 100 Rocznicy Odzyskania Niepodleg\u0142o\u015bci przez Polsk\u0119 w ramach poniedzia\u0142kowych spotka\u0144\u00a0 kulturalnych , <span class=\"more-button\"><a class=\"more-link\" href=\"https:\/\/www.aktywnyseniormm.pl\/index.php\/2019\/01\/13\/patriotyczne-spiewanie\/\">Czytaj ca\u0142o\u015b\u0107<\/a><\/span><\/p>\n","protected":false},"author":1,"featured_media":0,"comment_status":"open","ping_status":"open","sticky":false,"template":"","format":"standard","meta":{"footnotes":""},"categories":[20,17],"tags":[],"class_list":["post-6396","post","type-post","status-publish","format-standard","hentry","category-aktywnosc-czlonkow-srtw","category-uroczystosci-i-spotkania"],"_links":{"self":[{"href":"https:\/\/www.aktywnyseniormm.pl\/index.php\/wp-json\/wp\/v2\/posts\/6396","targetHints":{"allow":["GET"]}}],"collection":[{"href":"https:\/\/www.aktywnyseniormm.pl\/index.php\/wp-json\/wp\/v2\/posts"}],"about":[{"href":"https:\/\/www.aktywnyseniormm.pl\/index.php\/wp-json\/wp\/v2\/types\/post"}],"author":[{"embeddable":true,"href":"https:\/\/www.aktywnyseniormm.pl\/index.php\/wp-json\/wp\/v2\/users\/1"}],"replies":[{"embeddable":true,"href":"https:\/\/www.aktywnyseniormm.pl\/index.php\/wp-json\/wp\/v2\/comments?post=6396"}],"version-history":[{"count":5,"href":"https:\/\/www.aktywnyseniormm.pl\/index.php\/wp-json\/wp\/v2\/posts\/6396\/revisions"}],"predecessor-version":[{"id":6403,"href":"https:\/\/www.aktywnyseniormm.pl\/index.php\/wp-json\/wp\/v2\/posts\/6396\/revisions\/6403"}],"wp:attachment":[{"href":"https:\/\/www.aktywnyseniormm.pl\/index.php\/wp-json\/wp\/v2\/media?parent=6396"}],"wp:term":[{"taxonomy":"category","embeddable":true,"href":"https:\/\/www.aktywnyseniormm.pl\/index.php\/wp-json\/wp\/v2\/categories?post=6396"},{"taxonomy":"post_tag","embeddable":true,"href":"https:\/\/www.aktywnyseniormm.pl\/index.php\/wp-json\/wp\/v2\/tags?post=6396"}],"curies":[{"name":"wp","href":"https:\/\/api.w.org\/{rel}","templated":true}]}}