{"id":539,"date":"2013-06-07T13:50:57","date_gmt":"2013-06-07T11:50:57","guid":{"rendered":"http:\/\/serwer1734277.home.pl\/?p=539"},"modified":"2017-08-07T14:57:30","modified_gmt":"2017-08-07T12:57:30","slug":"byli-u-nas-w-roku-akademickim-20122013","status":"publish","type":"post","link":"https:\/\/www.aktywnyseniormm.pl\/index.php\/2013\/06\/07\/byli-u-nas-w-roku-akademickim-20122013\/","title":{"rendered":"Byli u nas w roku akademickim 2012\/2013"},"content":{"rendered":"\n\t\t<style type=\"text\/css\">\n\t\t\t#gallery-1 {\n\t\t\t\tmargin: auto;\n\t\t\t}\n\t\t\t#gallery-1 .gallery-item {\n\t\t\t\tfloat: left;\n\t\t\t\tmargin-top: 10px;\n\t\t\t\ttext-align: center;\n\t\t\t\twidth: 33%;\n\t\t\t}\n\t\t\t#gallery-1 img {\n\t\t\t\tborder: 2px solid #cfcfcf;\n\t\t\t}\n\t\t\t#gallery-1 .gallery-caption {\n\t\t\t\tmargin-left: 0;\n\t\t\t}\n\t\t\t\/* see gallery_shortcode() in wp-includes\/media.php *\/\n\t\t<\/style>\n\t\t<div id='gallery-1' class='gallery galleryid-539 gallery-columns-3 gallery-size-thumbnail'><dl class='gallery-item'>\n\t\t\t<dt class='gallery-icon portrait'>\n\t\t\t\t<a href='https:\/\/www.aktywnyseniormm.pl\/wp-content\/uploads\/2017\/08\/cache_2428635231.jpg'><img loading=\"lazy\" decoding=\"async\" width=\"150\" height=\"150\" src=\"https:\/\/www.aktywnyseniormm.pl\/wp-content\/uploads\/2017\/08\/cache_2428635231-150x150.jpg\" class=\"attachment-thumbnail size-thumbnail\" alt=\"ANNA NATORFF 18 pa\u017adziernika 2012r. &quot;Barwy i psychika&quot;\" aria-describedby=\"gallery-1-570\" \/><\/a>\n\t\t\t<\/dt>\n\t\t\t\t<dd class='wp-caption-text gallery-caption' id='gallery-1-570'>\n\t\t\t\tANNA  NATORFF  \n18 pa\u017adziernika 2012r.  &#8222;Barwy i psychika&#8221;   \n\t\t\t\t<\/dd><\/dl><dl class='gallery-item'>\n\t\t\t<dt class='gallery-icon portrait'>\n\t\t\t\t<a href='https:\/\/www.aktywnyseniormm.pl\/wp-content\/uploads\/2017\/08\/cache_2429159119.jpg'><img loading=\"lazy\" decoding=\"async\" width=\"150\" height=\"150\" src=\"https:\/\/www.aktywnyseniormm.pl\/wp-content\/uploads\/2017\/08\/cache_2429159119-150x150.jpg\" class=\"attachment-thumbnail size-thumbnail\" alt=\"HALINA STRZ\u0118BSKA prezes Banku Sp\u00f3\u0142dzielczego w Mi\u0144sku Mazowieckim 08 listopada 2012r. &quot;Zysk czy ryzyko. Banki i parabanki.&quot;\" aria-describedby=\"gallery-1-572\" \/><\/a>\n\t\t\t<\/dt>\n\t\t\t\t<dd class='wp-caption-text gallery-caption' id='gallery-1-572'>\n\t\t\t\tHALINA  STRZ\u0118BSKA  prezes Banku Sp\u00f3\u0142dzielczego w Mi\u0144sku Mazowieckim\n08 listopada 2012r. &#8222;Zysk czy ryzyko. Banki i parabanki.&#8221; \n\t\t\t\t<\/dd><\/dl><dl class='gallery-item'>\n\t\t\t<dt class='gallery-icon portrait'>\n\t\t\t\t<a href='https:\/\/www.aktywnyseniormm.pl\/wp-content\/uploads\/2017\/08\/cache_2430942884.jpg'><img loading=\"lazy\" decoding=\"async\" width=\"150\" height=\"150\" src=\"https:\/\/www.aktywnyseniormm.pl\/wp-content\/uploads\/2017\/08\/cache_2430942884-150x150.jpg\" class=\"attachment-thumbnail size-thumbnail\" alt=\"STANIS\u0141AW KRZEMI\u0143SKI re\u017cyser filmowy 10 stycznia 2013r. &quot;Jak d\u0142ugo jeszcze media elektroniczne nie b\u0119d\u0105 dostrzega\u0107 os\u00f3b starszych&quot; 9 maja 2013r. Twoja Telewizja - telewizja dla senior\u00f3w\" aria-describedby=\"gallery-1-580\" \/><\/a>\n\t\t\t<\/dt>\n\t\t\t\t<dd class='wp-caption-text gallery-caption' id='gallery-1-580'>\n\t\t\t\tSTANIS\u0141AW  KRZEMI\u0143SKI   re\u017cyser filmowy\n10 stycznia 2013r.  &#8222;Jak d\u0142ugo jeszcze media elektroniczne nie b\u0119d\u0105 dostrzega\u0107 os\u00f3b starszych&#8221;\n9 maja 2013r.  Twoja Telewizja &#8211; telewizja dla senior\u00f3w\n\t\t\t\t<\/dd><\/dl><br style=\"clear: both\" \/><dl class='gallery-item'>\n\t\t\t<dt class='gallery-icon landscape'>\n\t\t\t\t<a href='https:\/\/www.aktywnyseniormm.pl\/wp-content\/uploads\/2017\/08\/cache_2433867005.jpg'><img loading=\"lazy\" decoding=\"async\" width=\"150\" height=\"150\" src=\"https:\/\/www.aktywnyseniormm.pl\/wp-content\/uploads\/2017\/08\/cache_2433867005-150x150.jpg\" class=\"attachment-thumbnail size-thumbnail\" alt=\"KATARZYNA \u0141UKOMSKA, IZABELA ANTOSIEWICZ 11 kwietnia 2013r. &quot;Co drzemie w kremie - czyli jak uj\u0105\u0107 lat swojej twarzy&quot;\" aria-describedby=\"gallery-1-591\" \/><\/a>\n\t\t\t<\/dt>\n\t\t\t\t<dd class='wp-caption-text gallery-caption' id='gallery-1-591'>\n\t\t\t\tKATARZYNA \u0141UKOMSKA,\nIZABELA ANTOSIEWICZ\n11 kwietnia 2013r. &#8222;Co drzemie w kremie &#8211; czyli jak uj\u0105\u0107 lat swojej twarzy&#8221;\n\t\t\t\t<\/dd><\/dl><dl class='gallery-item'>\n\t\t\t<dt class='gallery-icon portrait'>\n\t\t\t\t<a href='https:\/\/www.aktywnyseniormm.pl\/wp-content\/uploads\/2017\/08\/cache_2432252100.jpg'><img loading=\"lazy\" decoding=\"async\" width=\"150\" height=\"150\" src=\"https:\/\/www.aktywnyseniormm.pl\/wp-content\/uploads\/2017\/08\/cache_2432252100-150x150.jpg\" class=\"attachment-thumbnail size-thumbnail\" alt=\"ANNA BATORCZAK 21 lutego 2013r. - &quot;Zr\u00f3wnowa\u017cony rozw\u00f3j - szansa i konieczno\u015b\u0107 dla Ziemi i ka\u017cdego z nas&quot;\" aria-describedby=\"gallery-1-584\" \/><\/a>\n\t\t\t<\/dt>\n\t\t\t\t<dd class='wp-caption-text gallery-caption' id='gallery-1-584'>\n\t\t\t\tANNA BATORCZAK\n21 lutego 2013r. &#8211; &#8222;Zr\u00f3wnowa\u017cony rozw\u00f3j &#8211; szansa i konieczno\u015b\u0107 dla Ziemi i ka\u017cdego z nas&#8221; \n\t\t\t\t<\/dd><\/dl><dl class='gallery-item'>\n\t\t\t<dt class='gallery-icon portrait'>\n\t\t\t\t<a href='https:\/\/www.aktywnyseniormm.pl\/wp-content\/uploads\/2017\/08\/cache_2429953881.jpg'><img loading=\"lazy\" decoding=\"async\" width=\"150\" height=\"150\" src=\"https:\/\/www.aktywnyseniormm.pl\/wp-content\/uploads\/2017\/08\/cache_2429953881-150x150.jpg\" class=\"attachment-thumbnail size-thumbnail\" alt=\"prof. dr hab LONGIN PASTUSIAK 22 listopada 2012r. - &quot;Sytuacja spo\u0142eczno polityczna po wyborach w USA&quot; 07 marca 2013r. - &quot;\u017bony Prezydent\u00f3w&quot;\" aria-describedby=\"gallery-1-576\" \/><\/a>\n\t\t\t<\/dt>\n\t\t\t\t<dd class='wp-caption-text gallery-caption' id='gallery-1-576'>\n\t\t\t\tprof. dr hab  LONGIN  PASTUSIAK\n22 listopada 2012r. &#8211; &#8222;Sytuacja spo\u0142eczno polityczna po wyborach w USA&#8221;\n07 marca 2013r.  &#8211;  &#8222;\u017bony Prezydent\u00f3w&#8221;\n\t\t\t\t<\/dd><\/dl><br style=\"clear: both\" \/><dl class='gallery-item'>\n\t\t\t<dt class='gallery-icon portrait'>\n\t\t\t\t<a href='https:\/\/www.aktywnyseniormm.pl\/wp-content\/uploads\/2017\/08\/cache_2432944753.jpg'><img loading=\"lazy\" decoding=\"async\" width=\"150\" height=\"150\" src=\"https:\/\/www.aktywnyseniormm.pl\/wp-content\/uploads\/2017\/08\/cache_2432944753-150x150.jpg\" class=\"attachment-thumbnail size-thumbnail\" alt=\"dr JERZY ZDRZA\u0141KA 14 marca 2013r. - &quot;Bezpiecze\u0144stwo korzystania z us\u0142ug bankowych&quot;\" aria-describedby=\"gallery-1-587\" \/><\/a>\n\t\t\t<\/dt>\n\t\t\t\t<dd class='wp-caption-text gallery-caption' id='gallery-1-587'>\n\t\t\t\tdr JERZY  ZDRZA\u0141KA\n14 marca 2013r. &#8211; &#8222;Bezpiecze\u0144stwo korzystania z us\u0142ug bankowych&#8221;\n\t\t\t\t<\/dd><\/dl><dl class='gallery-item'>\n\t\t\t<dt class='gallery-icon portrait'>\n\t\t\t\t<a href='https:\/\/www.aktywnyseniormm.pl\/wp-content\/uploads\/2017\/08\/cache_2429954051.jpg'><img loading=\"lazy\" decoding=\"async\" width=\"150\" height=\"150\" src=\"https:\/\/www.aktywnyseniormm.pl\/wp-content\/uploads\/2017\/08\/cache_2429954051-150x150.jpg\" class=\"attachment-thumbnail size-thumbnail\" alt=\"dr n. med. LESZEK MAREK KRZE\u015aNIAK 29 listopada 2012r. - &quot;Naturalne metody op\u00f3\u017aniania staro\u015bci&quot; 24 stycznia 2013r. - &quot;B\u00f3le staw\u00f3w i naturalne sposoby ich leczenia&quot;\" aria-describedby=\"gallery-1-577\" \/><\/a>\n\t\t\t<\/dt>\n\t\t\t\t<dd class='wp-caption-text gallery-caption' id='gallery-1-577'>\n\t\t\t\t dr n. med. LESZEK MAREK KRZE\u015aNIAK\n29 listopada 2012r. &#8211; &#8222;Naturalne metody op\u00f3\u017aniania staro\u015bci&#8221;\n24 stycznia 2013r. &#8211; &#8222;B\u00f3le staw\u00f3w i naturalne sposoby ich leczenia&#8221;\n\t\t\t\t<\/dd><\/dl><dl class='gallery-item'>\n\t\t\t<dt class='gallery-icon portrait'>\n\t\t\t\t<a href='https:\/\/www.aktywnyseniormm.pl\/wp-content\/uploads\/2017\/08\/cache_2430942866.jpg'><img loading=\"lazy\" decoding=\"async\" width=\"150\" height=\"150\" src=\"https:\/\/www.aktywnyseniormm.pl\/wp-content\/uploads\/2017\/08\/cache_2430942866-150x150.jpg\" class=\"attachment-thumbnail size-thumbnail\" alt=\"MAGDA KACZMARCZYK 10 stycznia 2013 r. &quot;Psychosomatyka - czli jak rozmawia\u0107 z samym sob\u0105&quot;\" aria-describedby=\"gallery-1-579\" \/><\/a>\n\t\t\t<\/dt>\n\t\t\t\t<dd class='wp-caption-text gallery-caption' id='gallery-1-579'>\n\t\t\t\tMAGDA  KACZMARCZYK\n10 stycznia 2013 r.  &#8222;Psychosomatyka &#8211; czli jak rozmawia\u0107 z samym sob\u0105&#8221;\n\t\t\t\t<\/dd><\/dl><br style=\"clear: both\" \/><dl class='gallery-item'>\n\t\t\t<dt class='gallery-icon portrait'>\n\t\t\t\t<a href='https:\/\/www.aktywnyseniormm.pl\/wp-content\/uploads\/2017\/08\/cache_2428356911.jpg'><img loading=\"lazy\" decoding=\"async\" width=\"150\" height=\"150\" src=\"https:\/\/www.aktywnyseniormm.pl\/wp-content\/uploads\/2017\/08\/cache_2428356911-150x150.jpg\" class=\"attachment-thumbnail size-thumbnail\" alt=\"Prof. dr hab. EWA KOZDRO\u0143 4 pa\u017adziernika 2012r. -&quot; Aktywno\u015b\u0107 ruchowa w profilaktyce gerontologicznej&quot;\" aria-describedby=\"gallery-1-568\" \/><\/a>\n\t\t\t<\/dt>\n\t\t\t\t<dd class='wp-caption-text gallery-caption' id='gallery-1-568'>\n\t\t\t\tProf. dr hab. EWA  KOZDRO\u0143\n 4 pa\u017adziernika 2012r. -&#8221; Aktywno\u015b\u0107 ruchowa w profilaktyce gerontologicznej&#8221;\n\t\t\t\t<\/dd><\/dl><dl class='gallery-item'>\n\t\t\t<dt class='gallery-icon portrait'>\n\t\t\t\t<a href='https:\/\/www.aktywnyseniormm.pl\/wp-content\/uploads\/2017\/08\/cache_2433788405.jpg'><img loading=\"lazy\" decoding=\"async\" width=\"150\" height=\"150\" src=\"https:\/\/www.aktywnyseniormm.pl\/wp-content\/uploads\/2017\/08\/cache_2433788405-150x150.jpg\" class=\"attachment-thumbnail size-thumbnail\" alt=\"HANNA MICHALSKA 06, 13, 27 marca 2013r. Warsztaty pami\u0119ci\" aria-describedby=\"gallery-1-590\" \/><\/a>\n\t\t\t<\/dt>\n\t\t\t\t<dd class='wp-caption-text gallery-caption' id='gallery-1-590'>\n\t\t\t\tHANNA MICHALSKA\n06, 13, 27 marca 2013r.  Warsztaty pami\u0119ci\n\t\t\t\t<\/dd><\/dl><dl class='gallery-item'>\n\t\t\t<dt class='gallery-icon portrait'>\n\t\t\t\t<a href='https:\/\/www.aktywnyseniormm.pl\/wp-content\/uploads\/2017\/08\/cache_2431175955.jpg'><img loading=\"lazy\" decoding=\"async\" width=\"150\" height=\"150\" src=\"https:\/\/www.aktywnyseniormm.pl\/wp-content\/uploads\/2017\/08\/cache_2431175955-150x150.jpg\" class=\"attachment-thumbnail size-thumbnail\" alt=\"dr CEZARY KALITA etyk, socjolog 17 stycznia 2013r. &quot;Zmiana obyczajowo\u015bci domu i rodziny&quot;\" aria-describedby=\"gallery-1-581\" \/><\/a>\n\t\t\t<\/dt>\n\t\t\t\t<dd class='wp-caption-text gallery-caption' id='gallery-1-581'>\n\t\t\t\tdr CEZARY  KALITA  etyk, socjolog\n17 stycznia 2013r.  &#8222;Zmiana obyczajowo\u015bci domu i rodziny&#8221;\n\t\t\t\t<\/dd><\/dl><br style=\"clear: both\" \/><dl class='gallery-item'>\n\t\t\t<dt class='gallery-icon portrait'>\n\t\t\t\t<a href='https:\/\/www.aktywnyseniormm.pl\/wp-content\/uploads\/2017\/08\/cache_2433867056.jpg'><img loading=\"lazy\" decoding=\"async\" width=\"150\" height=\"150\" src=\"https:\/\/www.aktywnyseniormm.pl\/wp-content\/uploads\/2017\/08\/cache_2433867056-150x150.jpg\" class=\"attachment-thumbnail size-thumbnail\" alt=\"STANIS\u0141AW CZAJKA 18 kwietnia 2013r. &quot;Najwa\u017cniejsze odznaczenia pa\u0144stwowe - Or\u0142a Bia\u0142ego i Virituti Militari&quot;\" aria-describedby=\"gallery-1-592\" \/><\/a>\n\t\t\t<\/dt>\n\t\t\t\t<dd class='wp-caption-text gallery-caption' id='gallery-1-592'>\n\t\t\t\tSTANIS\u0141AW  CZAJKA\n18 kwietnia 2013r. &#8222;Najwa\u017cniejsze odznaczenia pa\u0144stwowe &#8211; Or\u0142a Bia\u0142ego i Virituti Militari&#8221;\n\t\t\t\t<\/dd><\/dl><dl class='gallery-item'>\n\t\t\t<dt class='gallery-icon portrait'>\n\t\t\t\t<a href='https:\/\/www.aktywnyseniormm.pl\/wp-content\/uploads\/2017\/08\/cache_2428356837.jpg'><img loading=\"lazy\" decoding=\"async\" width=\"150\" height=\"150\" src=\"https:\/\/www.aktywnyseniormm.pl\/wp-content\/uploads\/2017\/08\/cache_2428356837-150x150.jpg\" class=\"attachment-thumbnail size-thumbnail\" alt=\"ROBERT \u0141UBKOWSKI 18 pa\u017adziernika 2012r. &quot;Zjawiska wywo\u0142ane ruchem tektonicznym&quot; 08 listopada 2012r. &quot;Czynniki kszta\u0142tuj\u0105ce klimat. Przyczyny zmian klimatycznych&quot; 24 stycznia 2013r. - &quot;Czynniki klimatotw\u00f3rcze a zmiany klimatyczne&quot;\" aria-describedby=\"gallery-1-567\" \/><\/a>\n\t\t\t<\/dt>\n\t\t\t\t<dd class='wp-caption-text gallery-caption' id='gallery-1-567'>\n\t\t\t\tROBERT  \u0141UBKOWSKI\n 18 pa\u017adziernika 2012r. &#8222;Zjawiska wywo\u0142ane ruchem tektonicznym&#8221;\n 08 listopada 2012r.  &#8222;Czynniki kszta\u0142tuj\u0105ce klimat. Przyczyny zmian  klimatycznych&#8221;\n 24 stycznia 2013r. &#8211; &#8222;Czynniki klimatotw\u00f3rcze a zmiany klimatyczne&#8221;\n\t\t\t\t<\/dd><\/dl><dl class='gallery-item'>\n\t\t\t<dt class='gallery-icon portrait'>\n\t\t\t\t<a href='https:\/\/www.aktywnyseniormm.pl\/wp-content\/uploads\/2017\/08\/cache_2433788388.jpg'><img loading=\"lazy\" decoding=\"async\" width=\"150\" height=\"150\" src=\"https:\/\/www.aktywnyseniormm.pl\/wp-content\/uploads\/2017\/08\/cache_2433788388-150x150.jpg\" class=\"attachment-thumbnail size-thumbnail\" alt=\"ALEKSANDRA CICHOCKA 21 marca 2013r. - &quot;Relacje mi\u0119dzy kobietami a m\u0119\u017cczyznami&quot;\" aria-describedby=\"gallery-1-589\" \/><\/a>\n\t\t\t<\/dt>\n\t\t\t\t<dd class='wp-caption-text gallery-caption' id='gallery-1-589'>\n\t\t\t\tALEKSANDRA CICHOCKA\n21 marca 2013r. &#8211; &#8222;Relacje mi\u0119dzy kobietami a m\u0119\u017cczyznami&#8221;\n\t\t\t\t<\/dd><\/dl><br style=\"clear: both\" \/><dl class='gallery-item'>\n\t\t\t<dt class='gallery-icon portrait'>\n\t\t\t\t<a href='https:\/\/www.aktywnyseniormm.pl\/wp-content\/uploads\/2017\/08\/cache_2429519280.jpg'><img loading=\"lazy\" decoding=\"async\" width=\"150\" height=\"150\" src=\"https:\/\/www.aktywnyseniormm.pl\/wp-content\/uploads\/2017\/08\/cache_2429519280-150x150.jpg\" class=\"attachment-thumbnail size-thumbnail\" alt=\"ANDRZEJ PAS\u0141AWSKI 15.11.2012 &quot;Kosowo - podr\u00f3\u017c ponad podzia\u0142ami&quot; 28 lutego 2013r. - &quot;S\u0142owacki raj&quot;\" aria-describedby=\"gallery-1-574\" \/><\/a>\n\t\t\t<\/dt>\n\t\t\t\t<dd class='wp-caption-text gallery-caption' id='gallery-1-574'>\n\t\t\t\tANDRZEJ PAS\u0141AWSKI\n15.11.2012  &#8222;Kosowo &#8211; podr\u00f3\u017c ponad podzia\u0142ami&#8221;\n28 lutego 2013r.  &#8211;  &#8222;S\u0142owacki raj&#8221;\n\t\t\t\t<\/dd><\/dl><dl class='gallery-item'>\n\t\t\t<dt class='gallery-icon portrait'>\n\t\t\t\t<a href='https:\/\/www.aktywnyseniormm.pl\/wp-content\/uploads\/2017\/08\/cache_2432704408.jpg'><img loading=\"lazy\" decoding=\"async\" width=\"150\" height=\"150\" src=\"https:\/\/www.aktywnyseniormm.pl\/wp-content\/uploads\/2017\/08\/cache_2432704408-150x150.jpg\" class=\"attachment-thumbnail size-thumbnail\" alt=\"BARBARA TALAREK 07 marca 2013r. - &quot;Medycyna kom\u00f3rkowa nasz\u0105 szans\u0105 na zdrowie&quot;\" aria-describedby=\"gallery-1-586\" \/><\/a>\n\t\t\t<\/dt>\n\t\t\t\t<dd class='wp-caption-text gallery-caption' id='gallery-1-586'>\n\t\t\t\tBARBARA  TALAREK  \n07 marca 2013r. &#8211; &#8222;Medycyna kom\u00f3rkowa nasz\u0105 szans\u0105 na zdrowie&#8221;\n\t\t\t\t<\/dd><\/dl><dl class='gallery-item'>\n\t\t\t<dt class='gallery-icon portrait'>\n\t\t\t\t<a href='https:\/\/www.aktywnyseniormm.pl\/wp-content\/uploads\/2017\/08\/cache_2429519093.jpg'><img loading=\"lazy\" decoding=\"async\" width=\"150\" height=\"150\" src=\"https:\/\/www.aktywnyseniormm.pl\/wp-content\/uploads\/2017\/08\/cache_2429519093-150x150.jpg\" class=\"attachment-thumbnail size-thumbnail\" alt=\"dr MIROS\u0141AW BIEDA 15.11.2012 &quot;Mowa cia\u0142a&quot; 14.02.2013 &quot;Mowa cia\u0142a&quot; c.d.\" aria-describedby=\"gallery-1-573\" \/><\/a>\n\t\t\t<\/dt>\n\t\t\t\t<dd class='wp-caption-text gallery-caption' id='gallery-1-573'>\n\t\t\t\tdr  MIROS\u0141AW BIEDA\n15.11.2012  &#8222;Mowa cia\u0142a&#8221;\n14.02.2013  &#8222;Mowa cia\u0142a&#8221; c.d.\n\t\t\t\t<\/dd><\/dl><br style=\"clear: both\" \/><dl class='gallery-item'>\n\t\t\t<dt class='gallery-icon portrait'>\n\t\t\t\t<a href='https:\/\/www.aktywnyseniormm.pl\/wp-content\/uploads\/2017\/08\/cache_2428635118.jpg'><img loading=\"lazy\" decoding=\"async\" width=\"150\" height=\"150\" src=\"https:\/\/www.aktywnyseniormm.pl\/wp-content\/uploads\/2017\/08\/cache_2428635118-150x150.jpg\" class=\"attachment-thumbnail size-thumbnail\" alt=\"HALINA LEWSZA 25 pa\u017adziernika 2012r. &quot; Czytanie przynosi owoce&quot;\" aria-describedby=\"gallery-1-569\" \/><\/a>\n\t\t\t<\/dt>\n\t\t\t\t<dd class='wp-caption-text gallery-caption' id='gallery-1-569'>\n\t\t\t\tHALINA  LEWSZA\n25 pa\u017adziernika 2012r. &#8221; Czytanie przynosi owoce&#8221;\n\t\t\t\t<\/dd><\/dl><dl class='gallery-item'>\n\t\t\t<dt class='gallery-icon portrait'>\n\t\t\t\t<a href='https:\/\/www.aktywnyseniormm.pl\/wp-content\/uploads\/2017\/08\/cache_2429953823.jpg'><img loading=\"lazy\" decoding=\"async\" width=\"150\" height=\"150\" src=\"https:\/\/www.aktywnyseniormm.pl\/wp-content\/uploads\/2017\/08\/cache_2429953823-150x150.jpg\" class=\"attachment-thumbnail size-thumbnail\" alt=\"STANIS\u0141AW MEJSZUTOWICZ 29 listopada 2012r. &quot;Nasi s\u0105siedzi - historia Ka\u0142uszyna&quot;\" aria-describedby=\"gallery-1-575\" \/><\/a>\n\t\t\t<\/dt>\n\t\t\t\t<dd class='wp-caption-text gallery-caption' id='gallery-1-575'>\n\t\t\t\tSTANIS\u0141AW  MEJSZUTOWICZ\n29 listopada 2012r.  &#8222;Nasi s\u0105siedzi &#8211; historia Ka\u0142uszyna&#8221;\n\t\t\t\t<\/dd><\/dl><dl class='gallery-item'>\n\t\t\t<dt class='gallery-icon portrait'>\n\t\t\t\t<a href='https:\/\/www.aktywnyseniormm.pl\/wp-content\/uploads\/2017\/08\/cache_2430035446.jpg'><img loading=\"lazy\" decoding=\"async\" width=\"150\" height=\"150\" src=\"https:\/\/www.aktywnyseniormm.pl\/wp-content\/uploads\/2017\/08\/cache_2430035446-150x150.jpg\" class=\"attachment-thumbnail size-thumbnail\" alt=\"MIROS\u0141AWA DOBROWOLSKA - pracownik Biblioteki Narodowej w Warszawie 06 grudnia 2012r. - &quot;Seniorzy w \u015bwiecie ksi\u0105\u017cek i bibliotek&quot;\" aria-describedby=\"gallery-1-578\" \/><\/a>\n\t\t\t<\/dt>\n\t\t\t\t<dd class='wp-caption-text gallery-caption' id='gallery-1-578'>\n\t\t\t\tMIROS\u0141AWA DOBROWOLSKA &#8211; pracownik Biblioteki Narodowej w Warszawie\n06 grudnia 2012r.  &#8211; &#8222;Seniorzy w \u015bwiecie ksi\u0105\u017cek i bibliotek&#8221;\n\t\t\t\t<\/dd><\/dl><br style=\"clear: both\" \/><dl class='gallery-item'>\n\t\t\t<dt class='gallery-icon portrait'>\n\t\t\t\t<a href='https:\/\/www.aktywnyseniormm.pl\/wp-content\/uploads\/2017\/08\/cache_2432704393.jpg'><img loading=\"lazy\" decoding=\"async\" width=\"150\" height=\"150\" src=\"https:\/\/www.aktywnyseniormm.pl\/wp-content\/uploads\/2017\/08\/cache_2432704393-150x150.jpg\" class=\"attachment-thumbnail size-thumbnail\" alt=\"KATARZYNA \u017bAK - aktorka 28 lutego 2013r. - &quot;Praca na planie filmowym&quot;\" aria-describedby=\"gallery-1-585\" \/><\/a>\n\t\t\t<\/dt>\n\t\t\t\t<dd class='wp-caption-text gallery-caption' id='gallery-1-585'>\n\t\t\t\tKATARZYNA  \u017bAK  &#8211; aktorka\n28 lutego 2013r. &#8211;  &#8222;Praca na planie filmowym&#8221;\n\t\t\t\t<\/dd><\/dl><dl class='gallery-item'>\n\t\t\t<dt class='gallery-icon portrait'>\n\t\t\t\t<a href='https:\/\/www.aktywnyseniormm.pl\/wp-content\/uploads\/2017\/08\/cache_2432050994.png'><img loading=\"lazy\" decoding=\"async\" width=\"150\" height=\"150\" src=\"https:\/\/www.aktywnyseniormm.pl\/wp-content\/uploads\/2017\/08\/cache_2432050994-150x150.png\" class=\"attachment-thumbnail size-thumbnail\" alt=\"MAREK \u0141ASISZ - archeolog, kulturoznawca 14 lutego 2013 &quot;Polscy archeolodzy w peruwia\u0144skich Andach&quot; 04 kwietnia 2013r. - &quot;Kanada - kraj pi\u0119knej natury wspania\u0142ych miast i polskich osadnik\u00f3w&quot;\" aria-describedby=\"gallery-1-582\" \/><\/a>\n\t\t\t<\/dt>\n\t\t\t\t<dd class='wp-caption-text gallery-caption' id='gallery-1-582'>\n\t\t\t\tMAREK \u0141ASISZ &#8211; archeolog, kulturoznawca\n14 lutego 2013  &#8222;Polscy archeolodzy w peruwia\u0144skich Andach&#8221;\n04 kwietnia 2013r. &#8211; &#8222;Kanada &#8211; kraj pi\u0119knej natury wspania\u0142ych miast i polskich osadnik\u00f3w&#8221;\n\t\t\t\t<\/dd><\/dl><dl class='gallery-item'>\n\t\t\t<dt class='gallery-icon portrait'>\n\t\t\t\t<a href='https:\/\/www.aktywnyseniormm.pl\/wp-content\/uploads\/2017\/08\/cache_2428635439.jpg'><img loading=\"lazy\" decoding=\"async\" width=\"150\" height=\"150\" src=\"https:\/\/www.aktywnyseniormm.pl\/wp-content\/uploads\/2017\/08\/cache_2428635439-150x150.jpg\" class=\"attachment-thumbnail size-thumbnail\" alt=\"W\u0141ODZIMIERZ PIEWCZY\u0143SKI 25 pa\u017adziernik 2012r. &quot;Plusy i minusy telefonii kom\u00f3rkowej&quot;\" aria-describedby=\"gallery-1-571\" \/><\/a>\n\t\t\t<\/dt>\n\t\t\t\t<dd class='wp-caption-text gallery-caption' id='gallery-1-571'>\n\t\t\t\tW\u0141ODZIMIERZ  PIEWCZY\u0143SKI\n25 pa\u017adziernik 2012r. &#8222;Plusy i minusy telefonii kom\u00f3rkowej&#8221;\n\t\t\t\t<\/dd><\/dl><br style=\"clear: both\" \/><dl class='gallery-item'>\n\t\t\t<dt class='gallery-icon portrait'>\n\t\t\t\t<a href='https:\/\/www.aktywnyseniormm.pl\/wp-content\/uploads\/2017\/08\/cache_2428072061.jpg'><img loading=\"lazy\" decoding=\"async\" width=\"150\" height=\"150\" src=\"https:\/\/www.aktywnyseniormm.pl\/wp-content\/uploads\/2017\/08\/cache_2428072061-150x150.jpg\" class=\"attachment-thumbnail size-thumbnail\" alt=\"WIES\u0141AWA KULIK 11 pa\u017adziernika 2012r. - &quot;Judaizm&quot; 06 grudnia 2012r. - &quot;Chrze\u015bcija\u0144stwo do IV w.n.e.&quot; 14marca, 11kwietnia 2013r.-&quot;Chrze\u015bcija\u0144stwo cd.&quot;\" aria-describedby=\"gallery-1-566\" \/><\/a>\n\t\t\t<\/dt>\n\t\t\t\t<dd class='wp-caption-text gallery-caption' id='gallery-1-566'>\n\t\t\t\tWIES\u0141AWA  KULIK \n 11 pa\u017adziernika 2012r. &#8211; &#8222;Judaizm&#8221;\n 06 grudnia 2012r.  &#8211; &#8222;Chrze\u015bcija\u0144stwo do IV w.n.e.&#8221;\n 14marca, 11kwietnia 2013r.-&#8222;Chrze\u015bcija\u0144stwo cd.&#8221;\n\t\t\t\t<\/dd><\/dl><dl class='gallery-item'>\n\t\t\t<dt class='gallery-icon portrait'>\n\t\t\t\t<a href='https:\/\/www.aktywnyseniormm.pl\/wp-content\/uploads\/2017\/08\/cache_2434290218.jpg'><img loading=\"lazy\" decoding=\"async\" width=\"150\" height=\"150\" src=\"https:\/\/www.aktywnyseniormm.pl\/wp-content\/uploads\/2017\/08\/cache_2434290218-150x150.jpg\" class=\"attachment-thumbnail size-thumbnail\" alt=\"JAN POGODA 25 kwietnia 2013r. &quot;Petersburg - per\u0142a architektury p\u00f3\u0142nocy&quot;\" aria-describedby=\"gallery-1-593\" \/><\/a>\n\t\t\t<\/dt>\n\t\t\t\t<dd class='wp-caption-text gallery-caption' id='gallery-1-593'>\n\t\t\t\tJAN POGODA\n25 kwietnia 2013r.  &#8222;Petersburg &#8211; per\u0142a architektury p\u00f3\u0142nocy&#8221;\n\t\t\t\t<\/dd><\/dl><dl class='gallery-item'>\n\t\t\t<dt class='gallery-icon portrait'>\n\t\t\t\t<a href='https:\/\/www.aktywnyseniormm.pl\/wp-content\/uploads\/2017\/08\/cache_2433627698.jpg'><img loading=\"lazy\" decoding=\"async\" width=\"150\" height=\"150\" src=\"https:\/\/www.aktywnyseniormm.pl\/wp-content\/uploads\/2017\/08\/cache_2433627698-150x150.jpg\" class=\"attachment-thumbnail size-thumbnail\" alt=\"MA\u0141GORZATA ZAWOLSKA 04 kwietnia 2013r. - &quot;Kwiaty wok\u00f3l nas - u\u015bmiech ka\u017cdego z nas&quot;\" aria-describedby=\"gallery-1-588\" \/><\/a>\n\t\t\t<\/dt>\n\t\t\t\t<dd class='wp-caption-text gallery-caption' id='gallery-1-588'>\n\t\t\t\tMA\u0141GORZATA  ZAWOLSKA \n04 kwietnia 2013r. &#8211; &#8222;Kwiaty wok\u00f3l nas &#8211; u\u015bmiech ka\u017cdego z nas&#8221;\n\t\t\t\t<\/dd><\/dl><br style=\"clear: both\" \/><dl class='gallery-item'>\n\t\t\t<dt class='gallery-icon portrait'>\n\t\t\t\t<a href='https:\/\/www.aktywnyseniormm.pl\/wp-content\/uploads\/2017\/08\/cache_2434469281.jpg'><img loading=\"lazy\" decoding=\"async\" width=\"150\" height=\"150\" src=\"https:\/\/www.aktywnyseniormm.pl\/wp-content\/uploads\/2017\/08\/cache_2434469281-150x150.jpg\" class=\"attachment-thumbnail size-thumbnail\" alt=\"IRENEUSZ KA\u0141UGA 9 MAJA 2013R. - Obszary &quot;Natura 2000&quot; w Polsce na przyk\u0142adzie Kompleksu &quot;Stawy Milickie&quot;\" aria-describedby=\"gallery-1-594\" \/><\/a>\n\t\t\t<\/dt>\n\t\t\t\t<dd class='wp-caption-text gallery-caption' id='gallery-1-594'>\n\t\t\t\tIRENEUSZ KA\u0141UGA\n9 MAJA 2013R. &#8211; Obszary &#8222;Natura 2000&#8221; w Polsce na przyk\u0142adzie Kompleksu &#8222;Stawy Milickie&#8221;\n\t\t\t\t<\/dd><\/dl><dl class='gallery-item'>\n\t\t\t<dt class='gallery-icon portrait'>\n\t\t\t\t<a href='https:\/\/www.aktywnyseniormm.pl\/wp-content\/uploads\/2017\/08\/cache_2432251920.jpg'><img loading=\"lazy\" decoding=\"async\" width=\"150\" height=\"150\" src=\"https:\/\/www.aktywnyseniormm.pl\/wp-content\/uploads\/2017\/08\/cache_2432251920-150x150.jpg\" class=\"attachment-thumbnail size-thumbnail\" alt=\"PIOTR WOJDYGA 21 lutego 2013r. &quot; Mi\u0144sk na starej fotografii&quot;\" aria-describedby=\"gallery-1-583\" \/><\/a>\n\t\t\t<\/dt>\n\t\t\t\t<dd class='wp-caption-text gallery-caption' id='gallery-1-583'>\n\t\t\t\tPIOTR  WOJDYGA  21 lutego 2013r.  &#8221; Mi\u0144sk na starej fotografii&#8221;\n\t\t\t\t<\/dd><\/dl>\n\t\t\t<br style='clear: both' \/>\n\t\t<\/div>\n\n","protected":false},"excerpt":{"rendered":"","protected":false},"author":1,"featured_media":0,"comment_status":"open","ping_status":"open","sticky":false,"template":"","format":"standard","meta":{"footnotes":""},"categories":[5,10],"tags":[],"class_list":["post-539","post","type-post","status-publish","format-standard","hentry","category-strona-glowna","category-u-nas-byli"],"_links":{"self":[{"href":"https:\/\/www.aktywnyseniormm.pl\/index.php\/wp-json\/wp\/v2\/posts\/539","targetHints":{"allow":["GET"]}}],"collection":[{"href":"https:\/\/www.aktywnyseniormm.pl\/index.php\/wp-json\/wp\/v2\/posts"}],"about":[{"href":"https:\/\/www.aktywnyseniormm.pl\/index.php\/wp-json\/wp\/v2\/types\/post"}],"author":[{"embeddable":true,"href":"https:\/\/www.aktywnyseniormm.pl\/index.php\/wp-json\/wp\/v2\/users\/1"}],"replies":[{"embeddable":true,"href":"https:\/\/www.aktywnyseniormm.pl\/index.php\/wp-json\/wp\/v2\/comments?post=539"}],"version-history":[{"count":3,"href":"https:\/\/www.aktywnyseniormm.pl\/index.php\/wp-json\/wp\/v2\/posts\/539\/revisions"}],"predecessor-version":[{"id":648,"href":"https:\/\/www.aktywnyseniormm.pl\/index.php\/wp-json\/wp\/v2\/posts\/539\/revisions\/648"}],"wp:attachment":[{"href":"https:\/\/www.aktywnyseniormm.pl\/index.php\/wp-json\/wp\/v2\/media?parent=539"}],"wp:term":[{"taxonomy":"category","embeddable":true,"href":"https:\/\/www.aktywnyseniormm.pl\/index.php\/wp-json\/wp\/v2\/categories?post=539"},{"taxonomy":"post_tag","embeddable":true,"href":"https:\/\/www.aktywnyseniormm.pl\/index.php\/wp-json\/wp\/v2\/tags?post=539"}],"curies":[{"name":"wp","href":"https:\/\/api.w.org\/{rel}","templated":true}]}}