{"id":4685,"date":"2017-10-17T12:27:18","date_gmt":"2017-10-17T10:27:18","guid":{"rendered":"http:\/\/www.aktywnyseniormm.pl\/?p=4685"},"modified":"2017-10-24T01:02:43","modified_gmt":"2017-10-23T23:02:43","slug":"wycieczka-w-bieszczady","status":"publish","type":"post","link":"https:\/\/www.aktywnyseniormm.pl\/index.php\/2017\/10\/17\/wycieczka-w-bieszczady\/","title":{"rendered":"Wycieczka w Bieszczady"},"content":{"rendered":"<p>W dniach 20-23 wrze\u015bnia 48 os. grupa s\u0142uchaczy naszego uniwersytetu wyjecha\u0142a na wycieczk\u0119 krajoznawcz\u0105 w po\u0142udniowo-wsch. regiony Polski. Zrealizowali\u015bmy trzyletni program Poznajemy wielokulturowo\u015b\u0107 wschodniej Polski.<br \/>\nPrzewodnikiem wycieczki by\u0142 p. Stanis\u0142aw Czajka- historyk i do\u015bwiadczony przewodnik. Kierownikiem i organizatorem wyjazdu byla p. Jadwiga\u00a0 \u00a0Maciejewska.<\/p>\n<p>Pierwszym programowym przystankiem by\u0142 \u0141a\u0144cut, gdzie opr\u00f3cz XVII w. pa\u0142acu Potockich\u00a0 zobaczyli\u015bmy :powozownie, storczykarni\u0119,czasow\u0105 wystaw\u0119 ikon i pi\u0119kny park.<\/p>\n\n\t\t<style type=\"text\/css\">\n\t\t\t#gallery-1 {\n\t\t\t\tmargin: auto;\n\t\t\t}\n\t\t\t#gallery-1 .gallery-item {\n\t\t\t\tfloat: left;\n\t\t\t\tmargin-top: 10px;\n\t\t\t\ttext-align: center;\n\t\t\t\twidth: 33%;\n\t\t\t}\n\t\t\t#gallery-1 img {\n\t\t\t\tborder: 2px solid #cfcfcf;\n\t\t\t}\n\t\t\t#gallery-1 .gallery-caption {\n\t\t\t\tmargin-left: 0;\n\t\t\t}\n\t\t\t\/* see gallery_shortcode() in wp-includes\/media.php *\/\n\t\t<\/style>\n\t\t<div id='gallery-1' class='gallery galleryid-4685 gallery-columns-3 gallery-size-thumbnail'><dl class='gallery-item'>\n\t\t\t<dt class='gallery-icon landscape'>\n\t\t\t\t<a href='https:\/\/www.aktywnyseniormm.pl\/wp-content\/uploads\/2017\/10\/DSC06059.jpg'><img loading=\"lazy\" decoding=\"async\" width=\"150\" height=\"150\" src=\"https:\/\/www.aktywnyseniormm.pl\/wp-content\/uploads\/2017\/10\/DSC06059-150x150.jpg\" class=\"attachment-thumbnail size-thumbnail\" alt=\"\" \/><\/a>\n\t\t\t<\/dt><\/dl><dl class='gallery-item'>\n\t\t\t<dt class='gallery-icon landscape'>\n\t\t\t\t<a href='https:\/\/www.aktywnyseniormm.pl\/wp-content\/uploads\/2017\/10\/DSC06037.jpg'><img loading=\"lazy\" decoding=\"async\" width=\"150\" height=\"150\" src=\"https:\/\/www.aktywnyseniormm.pl\/wp-content\/uploads\/2017\/10\/DSC06037-150x150.jpg\" class=\"attachment-thumbnail size-thumbnail\" alt=\"\" \/><\/a>\n\t\t\t<\/dt><\/dl><dl class='gallery-item'>\n\t\t\t<dt class='gallery-icon landscape'>\n\t\t\t\t<a href='https:\/\/www.aktywnyseniormm.pl\/wp-content\/uploads\/2017\/10\/DSC06043.jpg'><img loading=\"lazy\" decoding=\"async\" width=\"150\" height=\"150\" src=\"https:\/\/www.aktywnyseniormm.pl\/wp-content\/uploads\/2017\/10\/DSC06043-150x150.jpg\" class=\"attachment-thumbnail size-thumbnail\" alt=\"\" \/><\/a>\n\t\t\t<\/dt><\/dl><br style=\"clear: both\" \/>\n\t\t<\/div>\n\n<p>Noclegi mieli\u015bmy w uroczej, bieszczadzkiej wiosce\u00a0 WEREMI\u0143.\/ bardzo wygodne domki, dobre jedzonko, mi\u0142a atmosfera i rydze wok\u00f3\u0142\/.<br \/>\nDrugi dzie\u0144- niestety deszczowy- sp\u0119dzili\u015bmy na zwiedzaniu Leska\/ min. XVII wieczna Synagoga- obecnie galeria sztuki i zbiory judaik\u00f3w,\/.<br \/>\nBieszczady- to r\u00f3wnie\u017c ludzie z pasj\u0105. Takim jest w\u0142a\u015bnie p. Zdzis\u0142aw P\u0119kalski, kt\u00f3ry zorganizowa\u0142 Galeri\u0119 w piwnicy w Hoczwi..<\/p>\n\n\t\t<style type=\"text\/css\">\n\t\t\t#gallery-2 {\n\t\t\t\tmargin: auto;\n\t\t\t}\n\t\t\t#gallery-2 .gallery-item {\n\t\t\t\tfloat: left;\n\t\t\t\tmargin-top: 10px;\n\t\t\t\ttext-align: center;\n\t\t\t\twidth: 33%;\n\t\t\t}\n\t\t\t#gallery-2 img {\n\t\t\t\tborder: 2px solid #cfcfcf;\n\t\t\t}\n\t\t\t#gallery-2 .gallery-caption {\n\t\t\t\tmargin-left: 0;\n\t\t\t}\n\t\t\t\/* see gallery_shortcode() in wp-includes\/media.php *\/\n\t\t<\/style>\n\t\t<div id='gallery-2' class='gallery galleryid-4685 gallery-columns-3 gallery-size-thumbnail'><dl class='gallery-item'>\n\t\t\t<dt class='gallery-icon landscape'>\n\t\t\t\t<a href='https:\/\/www.aktywnyseniormm.pl\/wp-content\/uploads\/2017\/10\/DSC06077.jpg'><img loading=\"lazy\" decoding=\"async\" width=\"150\" height=\"150\" src=\"https:\/\/www.aktywnyseniormm.pl\/wp-content\/uploads\/2017\/10\/DSC06077-150x150.jpg\" class=\"attachment-thumbnail size-thumbnail\" alt=\"\" \/><\/a>\n\t\t\t<\/dt><\/dl><dl class='gallery-item'>\n\t\t\t<dt class='gallery-icon landscape'>\n\t\t\t\t<a href='https:\/\/www.aktywnyseniormm.pl\/wp-content\/uploads\/2017\/10\/DSC06082.jpg'><img loading=\"lazy\" decoding=\"async\" width=\"150\" height=\"150\" src=\"https:\/\/www.aktywnyseniormm.pl\/wp-content\/uploads\/2017\/10\/DSC06082-150x150.jpg\" class=\"attachment-thumbnail size-thumbnail\" alt=\"\" \/><\/a>\n\t\t\t<\/dt><\/dl><dl class='gallery-item'>\n\t\t\t<dt class='gallery-icon landscape'>\n\t\t\t\t<a href='https:\/\/www.aktywnyseniormm.pl\/wp-content\/uploads\/2017\/10\/DSC06098.jpg'><img loading=\"lazy\" decoding=\"async\" width=\"150\" height=\"150\" src=\"https:\/\/www.aktywnyseniormm.pl\/wp-content\/uploads\/2017\/10\/DSC06098-150x150.jpg\" class=\"attachment-thumbnail size-thumbnail\" alt=\"\" \/><\/a>\n\t\t\t<\/dt><\/dl><br style=\"clear: both\" \/>\n\t\t<\/div>\n\n<p>S\u0105 tu liczne rze\u017aby wyczarowane z kawa\u0142ka deski, pnia, koryt \u015bwi\u0144skich i inne cude\u0144ka. Pod nieobecno\u015b\u0107 artysty, pi\u0119knie zaprezentowa\u0142a Jego dorobek \u017cona-p. Maria\/ kt\u00f3ra siebie nazywa beztalenciem!\/. Gaw\u0119dziarski spos\u00f3b opowiadania sprawi\u0142, \u017ce 30 min. wizyta zamieni\u0142a si\u0119 w 120 min. wsp\u00f3lnej rozmowy. A na koniec nasz kol. Jurek zadedykowa\u0142 od r\u0119ki zapisany wierszyk:<\/p>\n<p>To naprawd\u0119 boskie przedsi\u0119wzi\u0119cie<br \/>\npo\u0142\u0105czy\u0107 artyst\u0119 z beztalenciem.<br \/>\nMnie inna rzecz tu zadziwi\u0142a:<br \/>\n\u017ceby \u017cona tak pi\u0119knie o m\u0119\u017cu m\u00f3wi\u0142a.<br \/>\nJa wiem, \u017ce na takie s\u0142owa<br \/>\nzas\u0142u\u017cy\u0107 pewnie trzeba<br \/>\nale za mi\u0142o\u015b\u0107 do m\u0119\u017ca<br \/>\nPani powinna i\u015b\u0107 prosto do nieba.<\/p>\n<p>Pani Maria by\u0142a bardzo wzruszona.<br \/>\nNast\u0119pny przystanek to Zapora w Solinie i po trasie pi\u0119kne serpentyny g\u00f3rskie. Nie wszyscy to znosili dobrze, ale\u00a0 oby\u0142o si\u0119 bez k\u0142opot\u00f3w. Ta wa\u017cna budowla hydrotechniczna robi wra\u017cenie a widoki wprowadzaj\u0105 w zachwyt.<br \/>\nHitem i niespodziank\u0105 sprawion\u0105 przez przewodnika by\u0142a Leska Ska\u0142a\/ ostaniec sprzed milion\u00f3w lat\/. Kto b\u0119dzie w okolicy warto zboczy\u0107 z drogi, pow\u0119drowa\u0107 troch\u0119 w las i popatrze\u0107 na cuda przyrody.<br \/>\nTrzeci dzie\u0144 po\u015bwi\u0119cili\u015bmy na podziwianie pi\u0119kna Bieszczad\u00f3w z okien autobusu przemieszczaj\u0105c si\u0119 do Przemy\u015bla a potem, ku granicy i do \u017b\u00f3\u0142kwi.<\/p>\n\n\t\t<style type=\"text\/css\">\n\t\t\t#gallery-3 {\n\t\t\t\tmargin: auto;\n\t\t\t}\n\t\t\t#gallery-3 .gallery-item {\n\t\t\t\tfloat: left;\n\t\t\t\tmargin-top: 10px;\n\t\t\t\ttext-align: center;\n\t\t\t\twidth: 33%;\n\t\t\t}\n\t\t\t#gallery-3 img {\n\t\t\t\tborder: 2px solid #cfcfcf;\n\t\t\t}\n\t\t\t#gallery-3 .gallery-caption {\n\t\t\t\tmargin-left: 0;\n\t\t\t}\n\t\t\t\/* see gallery_shortcode() in wp-includes\/media.php *\/\n\t\t<\/style>\n\t\t<div id='gallery-3' class='gallery galleryid-4685 gallery-columns-3 gallery-size-thumbnail'><dl class='gallery-item'>\n\t\t\t<dt class='gallery-icon landscape'>\n\t\t\t\t<a href='https:\/\/www.aktywnyseniormm.pl\/wp-content\/uploads\/2017\/10\/DSC06203-1.jpg'><img loading=\"lazy\" decoding=\"async\" width=\"150\" height=\"150\" src=\"https:\/\/www.aktywnyseniormm.pl\/wp-content\/uploads\/2017\/10\/DSC06203-1-150x150.jpg\" class=\"attachment-thumbnail size-thumbnail\" alt=\"\" \/><\/a>\n\t\t\t<\/dt><\/dl><dl class='gallery-item'>\n\t\t\t<dt class='gallery-icon landscape'>\n\t\t\t\t<a href='https:\/\/www.aktywnyseniormm.pl\/wp-content\/uploads\/2017\/10\/DSC06206-1.jpg'><img loading=\"lazy\" decoding=\"async\" width=\"150\" height=\"150\" src=\"https:\/\/www.aktywnyseniormm.pl\/wp-content\/uploads\/2017\/10\/DSC06206-1-150x150.jpg\" class=\"attachment-thumbnail size-thumbnail\" alt=\"\" \/><\/a>\n\t\t\t<\/dt><\/dl><dl class='gallery-item'>\n\t\t\t<dt class='gallery-icon landscape'>\n\t\t\t\t<a href='https:\/\/www.aktywnyseniormm.pl\/wp-content\/uploads\/2017\/10\/DSC06232-1.jpg'><img loading=\"lazy\" decoding=\"async\" width=\"150\" height=\"150\" src=\"https:\/\/www.aktywnyseniormm.pl\/wp-content\/uploads\/2017\/10\/DSC06232-1-150x150.jpg\" class=\"attachment-thumbnail size-thumbnail\" alt=\"\" \/><\/a>\n\t\t\t<\/dt><\/dl><br style=\"clear: both\" \/>\n\t\t<\/div>\n\n<p>\u017b\u00f3\u0142kiew- to bli\u017aniacze miasto Zamo\u015bcia, zbudowane na prze\u0142omie XVI i XVII w. przez jednego z najwi\u0119kszych \u017co\u0142nierz Rzeczypospolitej hetmana wielkiego koronnego Stanis\u0142awa \u017b\u00f3\u0142kiewskiego. Na ka\u017cdym kroku widoczne \u015blady polsko\u015bci, chocia\u017c pilnie wymagaj\u0105 remont\u00f3w. Ksi\u0105dz proboszcz niewielkiej ju\u017c parafii polskiej spodziewa\u0142 si\u0119 w\u0142a\u015bnie wizyty w-ce Marsza\u0142ka Senatu p. Marii Koc i przedstawicieli Rady powiatu mi\u0144skiego.Wieczorem kolacja z muzyk\u0105 i odpoczynek .<\/p>\n<p>Czwarty dzie\u0144 przeznaczyli\u015bmy na Lw\u00f3w- przez 600 lat polskie miasto. Przebogata secesja, pomniki, teatr, Stare Miasto- niestety, wszystko bardzo niszczej\u0105ce, brak troski o te cuda architektury.\u00a0 Odnowiony Teatr Wielki zachwyca swoim pi\u0119knem. Zwiedzili\u015bmy te\u017c katedr\u0119 \u0141aci\u0144sk\u0105, Ormia\u0144sk\u0105 i inne cenne zabytki.<\/p>\n\n\t\t<style type=\"text\/css\">\n\t\t\t#gallery-4 {\n\t\t\t\tmargin: auto;\n\t\t\t}\n\t\t\t#gallery-4 .gallery-item {\n\t\t\t\tfloat: left;\n\t\t\t\tmargin-top: 10px;\n\t\t\t\ttext-align: center;\n\t\t\t\twidth: 33%;\n\t\t\t}\n\t\t\t#gallery-4 img {\n\t\t\t\tborder: 2px solid #cfcfcf;\n\t\t\t}\n\t\t\t#gallery-4 .gallery-caption {\n\t\t\t\tmargin-left: 0;\n\t\t\t}\n\t\t\t\/* see gallery_shortcode() in wp-includes\/media.php *\/\n\t\t<\/style>\n\t\t<div id='gallery-4' class='gallery galleryid-4685 gallery-columns-3 gallery-size-thumbnail'><dl class='gallery-item'>\n\t\t\t<dt class='gallery-icon landscape'>\n\t\t\t\t<a href='https:\/\/www.aktywnyseniormm.pl\/wp-content\/uploads\/2017\/10\/DSC06410-1.jpg'><img loading=\"lazy\" decoding=\"async\" width=\"150\" height=\"150\" src=\"https:\/\/www.aktywnyseniormm.pl\/wp-content\/uploads\/2017\/10\/DSC06410-1-150x150.jpg\" class=\"attachment-thumbnail size-thumbnail\" alt=\"\" \/><\/a>\n\t\t\t<\/dt><\/dl><dl class='gallery-item'>\n\t\t\t<dt class='gallery-icon landscape'>\n\t\t\t\t<a href='https:\/\/www.aktywnyseniormm.pl\/wp-content\/uploads\/2017\/10\/DSC06389-1.jpg'><img loading=\"lazy\" decoding=\"async\" width=\"150\" height=\"150\" src=\"https:\/\/www.aktywnyseniormm.pl\/wp-content\/uploads\/2017\/10\/DSC06389-1-150x150.jpg\" class=\"attachment-thumbnail size-thumbnail\" alt=\"\" \/><\/a>\n\t\t\t<\/dt><\/dl><dl class='gallery-item'>\n\t\t\t<dt class='gallery-icon landscape'>\n\t\t\t\t<a href='https:\/\/www.aktywnyseniormm.pl\/wp-content\/uploads\/2017\/10\/DSC06360.jpg'><img loading=\"lazy\" decoding=\"async\" width=\"150\" height=\"150\" src=\"https:\/\/www.aktywnyseniormm.pl\/wp-content\/uploads\/2017\/10\/DSC06360-150x150.jpg\" class=\"attachment-thumbnail size-thumbnail\" alt=\"\" \/><\/a>\n\t\t\t<\/dt><\/dl><br style=\"clear: both\" \/>\n\t\t<\/div>\n\n<p>Bardzo chcieli\u015bmy by\u0107 na \u0141yczakowie i oczywi\u015bcie tamtejszym cmentarzu ORL\u0104T.\u00a0 \u00a0\u017beby zrozumie\u0107 fenomen tego miejsca, trzeba zobaczy\u0107 to miejsce poch\u00f3wku wielu s\u0142awnych Polak\u00f3w w starej cz\u0119\u015bci cmentarza ale r\u00f3wnie\u017c by\u0107 i odda\u0107 ho\u0142d bohaterom walk o wolno\u015b\u0107 Ojczyzny- ma\u0142ym bohaterom.<\/p>\n\n\t\t<style type=\"text\/css\">\n\t\t\t#gallery-5 {\n\t\t\t\tmargin: auto;\n\t\t\t}\n\t\t\t#gallery-5 .gallery-item {\n\t\t\t\tfloat: left;\n\t\t\t\tmargin-top: 10px;\n\t\t\t\ttext-align: center;\n\t\t\t\twidth: 33%;\n\t\t\t}\n\t\t\t#gallery-5 img {\n\t\t\t\tborder: 2px solid #cfcfcf;\n\t\t\t}\n\t\t\t#gallery-5 .gallery-caption {\n\t\t\t\tmargin-left: 0;\n\t\t\t}\n\t\t\t\/* see gallery_shortcode() in wp-includes\/media.php *\/\n\t\t<\/style>\n\t\t<div id='gallery-5' class='gallery galleryid-4685 gallery-columns-3 gallery-size-thumbnail'><dl class='gallery-item'>\n\t\t\t<dt class='gallery-icon landscape'>\n\t\t\t\t<a href='https:\/\/www.aktywnyseniormm.pl\/wp-content\/uploads\/2017\/10\/DSC06332.jpg'><img loading=\"lazy\" decoding=\"async\" width=\"150\" height=\"150\" src=\"https:\/\/www.aktywnyseniormm.pl\/wp-content\/uploads\/2017\/10\/DSC06332-150x150.jpg\" class=\"attachment-thumbnail size-thumbnail\" alt=\"\" \/><\/a>\n\t\t\t<\/dt><\/dl><dl class='gallery-item'>\n\t\t\t<dt class='gallery-icon landscape'>\n\t\t\t\t<a href='https:\/\/www.aktywnyseniormm.pl\/wp-content\/uploads\/2017\/10\/DSC06323.jpg'><img loading=\"lazy\" decoding=\"async\" width=\"150\" height=\"150\" src=\"https:\/\/www.aktywnyseniormm.pl\/wp-content\/uploads\/2017\/10\/DSC06323-150x150.jpg\" class=\"attachment-thumbnail size-thumbnail\" alt=\"\" \/><\/a>\n\t\t\t<\/dt><\/dl><dl class='gallery-item'>\n\t\t\t<dt class='gallery-icon landscape'>\n\t\t\t\t<a href='https:\/\/www.aktywnyseniormm.pl\/wp-content\/uploads\/2017\/10\/DSC06338.jpg'><img loading=\"lazy\" decoding=\"async\" width=\"150\" height=\"150\" src=\"https:\/\/www.aktywnyseniormm.pl\/wp-content\/uploads\/2017\/10\/DSC06338-150x150.jpg\" class=\"attachment-thumbnail size-thumbnail\" alt=\"\" \/><\/a>\n\t\t\t<\/dt><\/dl><br style=\"clear: both\" \/>\n\t\t<\/div>\n\n<p>&nbsp;<\/p>\n<p>Tu budz\u0105 si\u0119 refleksje\u00a0 pozwalaj\u0105ce wg\u0142\u0119bi\u0107 si\u0119 w nasz\u0105 histori\u0119.<br \/>\nJu\u017c p\u00f3\u017anym popo\u0142udniem dotarli\u015bmy do Zamo\u015bcia. W \u015bwietle latarni prezentowa\u0142 si\u0119 nieco tajemniczo, ale Staszek &#8211; nasz przewodnik- przekaza\u0142 nam porcj\u0119 wiedzy o mie\u015bcie. Potem ju\u017c tylko smaczny obiad i powr\u00f3t do domu. Zm\u0119czeni, ale pe\u0142ni wra\u017ce\u0144 dotarli\u015bmy szcz\u0119\u015bliwie do Mi\u0144ska Maz. My\u015blimy, \u017ce uczestnicy mog\u0105 zaliczy\u0107 ten wyjazd do udanych pod ka\u017cdym wzgl\u0119dem.<br \/>\nTekst:\u00a0 \u00a0Jadwiga i Jerzy Maciejewscy.<\/p>\n<p>&nbsp;<\/p>\n","protected":false},"excerpt":{"rendered":"<p>W dniach 20-23 wrze\u015bnia 48 os. grupa s\u0142uchaczy naszego uniwersytetu wyjecha\u0142a na wycieczk\u0119 krajoznawcz\u0105 w po\u0142udniowo-wsch. regiony Polski. Zrealizowali\u015bmy trzyletni program Poznajemy wielokulturowo\u015b\u0107 wschodniej Polski. Przewodnikiem wycieczki by\u0142 p. Stanis\u0142aw Czajka- historyk i do\u015bwiadczony przewodnik. Kierownikiem i organizatorem wyjazdu byla p. Jadwiga\u00a0 \u00a0Maciejewska. Pierwszym programowym przystankiem by\u0142 \u0141a\u0144cut, gdzie opr\u00f3cz XVII w. pa\u0142acu Potockich\u00a0 zobaczyli\u015bmy :powozownie, storczykarni\u0119,czasow\u0105 wystaw\u0119 ikon i <span class=\"more-button\"><a class=\"more-link\" href=\"https:\/\/www.aktywnyseniormm.pl\/index.php\/2017\/10\/17\/wycieczka-w-bieszczady\/\">Czytaj ca\u0142o\u015b\u0107<\/a><\/span><\/p>\n","protected":false},"author":1,"featured_media":0,"comment_status":"open","ping_status":"open","sticky":false,"template":"","format":"standard","meta":{"footnotes":""},"categories":[18],"tags":[],"class_list":["post-4685","post","type-post","status-publish","format-standard","hentry","category-wycieczki-i-wypoczynek"],"_links":{"self":[{"href":"https:\/\/www.aktywnyseniormm.pl\/index.php\/wp-json\/wp\/v2\/posts\/4685","targetHints":{"allow":["GET"]}}],"collection":[{"href":"https:\/\/www.aktywnyseniormm.pl\/index.php\/wp-json\/wp\/v2\/posts"}],"about":[{"href":"https:\/\/www.aktywnyseniormm.pl\/index.php\/wp-json\/wp\/v2\/types\/post"}],"author":[{"embeddable":true,"href":"https:\/\/www.aktywnyseniormm.pl\/index.php\/wp-json\/wp\/v2\/users\/1"}],"replies":[{"embeddable":true,"href":"https:\/\/www.aktywnyseniormm.pl\/index.php\/wp-json\/wp\/v2\/comments?post=4685"}],"version-history":[{"count":7,"href":"https:\/\/www.aktywnyseniormm.pl\/index.php\/wp-json\/wp\/v2\/posts\/4685\/revisions"}],"predecessor-version":[{"id":4695,"href":"https:\/\/www.aktywnyseniormm.pl\/index.php\/wp-json\/wp\/v2\/posts\/4685\/revisions\/4695"}],"wp:attachment":[{"href":"https:\/\/www.aktywnyseniormm.pl\/index.php\/wp-json\/wp\/v2\/media?parent=4685"}],"wp:term":[{"taxonomy":"category","embeddable":true,"href":"https:\/\/www.aktywnyseniormm.pl\/index.php\/wp-json\/wp\/v2\/categories?post=4685"},{"taxonomy":"post_tag","embeddable":true,"href":"https:\/\/www.aktywnyseniormm.pl\/index.php\/wp-json\/wp\/v2\/tags?post=4685"}],"curies":[{"name":"wp","href":"https:\/\/api.w.org\/{rel}","templated":true}]}}