{"id":15924,"date":"2026-04-29T20:49:55","date_gmt":"2026-04-29T18:49:55","guid":{"rendered":"https:\/\/www.aktywnyseniormm.pl\/?p=15924"},"modified":"2026-04-29T20:49:55","modified_gmt":"2026-04-29T18:49:55","slug":"walne-zebranie-czlonkow-srtw","status":"publish","type":"post","link":"https:\/\/www.aktywnyseniormm.pl\/index.php\/2026\/04\/29\/walne-zebranie-czlonkow-srtw\/","title":{"rendered":"Walne Zebranie Cz\u0142onk\u00f3w S&#8221;RTW&#8221;"},"content":{"rendered":"\n<p><strong><u>Z &nbsp;A &nbsp;W &nbsp;I &nbsp;A &nbsp;D &nbsp;O &nbsp;M &nbsp;I &nbsp;E &nbsp;N &nbsp;I &nbsp;E<\/u><\/strong><\/p>\n\n\n\n<p>O &nbsp; &nbsp;SPRAWOZDAWCZYM &nbsp;&nbsp;&nbsp;WALNYM &nbsp;&nbsp;ZEBRANIU &nbsp;&nbsp; CZ\u0141ONK\u00d3W<\/p>\n\n\n\n<p>STOWARZYSZENIA &nbsp;\u201eRADO\u015a\u0106 &nbsp;TRZECIEGO &nbsp;WIEKU\u201d&nbsp;&nbsp;W &nbsp;MI\u0143SKU MAZOWIECKIM<\/p>\n\n\n\n<p>Zarz\u0105d S \u201eRTW\u201d, &nbsp;zgodnie z art. 30 Statutu,&nbsp; zwo\u0142uje &nbsp;<strong>Sprawozdawcze&nbsp; Walne &nbsp;Zebranie<\/strong> <strong>Cz\u0142onk\u00f3w<\/strong> &nbsp;&nbsp;na &nbsp;&nbsp;dzie\u0144 &nbsp;<strong>14&nbsp; &nbsp;maja&nbsp; 2026 roku&nbsp; o&nbsp; godz. 10.00&nbsp; w pierwszym terminie <\/strong>i &nbsp;&nbsp;<strong>10.15 &nbsp;&nbsp;w drugim terminie<\/strong> &nbsp;w Miejskiej &nbsp;Szkole &nbsp;Artystycznej w Mi\u0144sku Mazowieckim.<\/p>\n\n\n\n<p>Sprawozdanie &nbsp;finansowe &nbsp;za &nbsp;rok &nbsp;2025 &nbsp;do&nbsp; &nbsp;wgl\u0105du&nbsp; podczas &nbsp;dy\u017cur\u00f3w &nbsp;cz\u0142onk\u00f3w &nbsp;Zarz\u0105du&nbsp;&nbsp;&nbsp;&nbsp; w Zielonym Domku w dniach 06 maja 2026 roku (\u015broda) w godz. 11.00 \u2013 13.00 &nbsp;i&nbsp; 13 maja 2026 roku (\u015broda) w godz. 11.00 \u2013 13.00.<\/p>\n\n\n\n<p>&nbsp;Prezes Zarz\u0105du<\/p>\n\n\n\n<p>&nbsp; Zofia Grzelak<\/p>\n","protected":false},"excerpt":{"rendered":"<p>Z &nbsp;A &nbsp;W &nbsp;I &nbsp;A &nbsp;D &nbsp;O &nbsp;M &nbsp;I &nbsp;E &nbsp;N &nbsp;I &nbsp;E O &nbsp; &nbsp;SPRAWOZDAWCZYM &nbsp;&nbsp;&nbsp;WALNYM &nbsp;&nbsp;ZEBRANIU &nbsp;&nbsp; CZ\u0141ONK\u00d3W STOWARZYSZENIA &nbsp;\u201eRADO\u015a\u0106 &nbsp;TRZECIEGO &nbsp;WIEKU\u201d&nbsp;&nbsp;W &nbsp;MI\u0143SKU MAZOWIECKIM Zarz\u0105d S \u201eRTW\u201d, &nbsp;zgodnie z art. 30 Statutu,&nbsp; zwo\u0142uje &nbsp;Sprawozdawcze&nbsp; Walne &nbsp;Zebranie Cz\u0142onk\u00f3w &nbsp;&nbsp;na &nbsp;&nbsp;dzie\u0144 &nbsp;14&nbsp; &nbsp;maja&nbsp; 2026 roku&nbsp; o&nbsp; godz. 10.00&nbsp; w pierwszym terminie i &nbsp;&nbsp;10.15 &nbsp;&nbsp;w drugim terminie &nbsp;w Miejskiej &nbsp;Szkole &nbsp;Artystycznej <span class=\"more-button\"><a class=\"more-link\" href=\"https:\/\/www.aktywnyseniormm.pl\/index.php\/2026\/04\/29\/walne-zebranie-czlonkow-srtw\/\">Czytaj ca\u0142o\u015b\u0107<\/a><\/span><\/p>\n","protected":false},"author":1,"featured_media":0,"comment_status":"open","ping_status":"open","sticky":false,"template":"","format":"standard","meta":{"footnotes":""},"categories":[5],"tags":[],"class_list":["post-15924","post","type-post","status-publish","format-standard","hentry","category-strona-glowna"],"_links":{"self":[{"href":"https:\/\/www.aktywnyseniormm.pl\/index.php\/wp-json\/wp\/v2\/posts\/15924","targetHints":{"allow":["GET"]}}],"collection":[{"href":"https:\/\/www.aktywnyseniormm.pl\/index.php\/wp-json\/wp\/v2\/posts"}],"about":[{"href":"https:\/\/www.aktywnyseniormm.pl\/index.php\/wp-json\/wp\/v2\/types\/post"}],"author":[{"embeddable":true,"href":"https:\/\/www.aktywnyseniormm.pl\/index.php\/wp-json\/wp\/v2\/users\/1"}],"replies":[{"embeddable":true,"href":"https:\/\/www.aktywnyseniormm.pl\/index.php\/wp-json\/wp\/v2\/comments?post=15924"}],"version-history":[{"count":1,"href":"https:\/\/www.aktywnyseniormm.pl\/index.php\/wp-json\/wp\/v2\/posts\/15924\/revisions"}],"predecessor-version":[{"id":15925,"href":"https:\/\/www.aktywnyseniormm.pl\/index.php\/wp-json\/wp\/v2\/posts\/15924\/revisions\/15925"}],"wp:attachment":[{"href":"https:\/\/www.aktywnyseniormm.pl\/index.php\/wp-json\/wp\/v2\/media?parent=15924"}],"wp:term":[{"taxonomy":"category","embeddable":true,"href":"https:\/\/www.aktywnyseniormm.pl\/index.php\/wp-json\/wp\/v2\/categories?post=15924"},{"taxonomy":"post_tag","embeddable":true,"href":"https:\/\/www.aktywnyseniormm.pl\/index.php\/wp-json\/wp\/v2\/tags?post=15924"}],"curies":[{"name":"wp","href":"https:\/\/api.w.org\/{rel}","templated":true}]}}