{"id":14525,"date":"2024-06-08T22:24:50","date_gmt":"2024-06-08T20:24:50","guid":{"rendered":"https:\/\/www.aktywnyseniormm.pl\/?p=14525"},"modified":"2024-06-08T22:53:23","modified_gmt":"2024-06-08T20:53:23","slug":"ogloszenia-z-dnia-06-06-2024","status":"publish","type":"post","link":"https:\/\/www.aktywnyseniormm.pl\/index.php\/2024\/06\/08\/ogloszenia-z-dnia-06-06-2024\/","title":{"rendered":"OG\u0141OSZENIA  z dnia 06.06.2024"},"content":{"rendered":"\n<p>Przypomnienie: wp\u0142aty na Rowy do 15.06.2024<\/p>\n<p><em><strong>Prosz\u0119 o zg\u0142aszanie informacji o fakturach indywidualnych do koord. Hani Gryz<\/strong><\/em><\/p>\n<hr \/>\n<p>Przyjmujemy zapisy ch\u0119tnych na wycieczk\u0119 do Lublina i Koz\u0142\u00f3wki.<\/p>\n<p><strong>Wycieczka w dn. 18 &#8211; 19.09.2024 &#8211; KOSZT\u00a0 ok. 450.- z\u0142 (na dzie\u0144 6.06.2024)<\/strong><\/p>\n<p>Zapisy telefonicznie przyjmuje kol. Mirka Kulma<\/p>\n<p>O sposobie wp\u0142at poinformujemy z chwil\u0105 skompletowania listy uczestnik\u00f3w.\u00a0<\/p>\n<p>Program wycieczki &#8211; dokonujemy rezerwacji i domawiamy szczeg\u00f3\u0142y. Wkr\u00f3tce podamy na stronie.<\/p>\n<p>Z. Grzelak<\/p>\n\n\n","protected":false},"excerpt":{"rendered":"<p>Przypomnienie: wp\u0142aty na Rowy do 15.06.2024 Prosz\u0119 o zg\u0142aszanie informacji o fakturach indywidualnych do koord. Hani Gryz Przyjmujemy zapisy ch\u0119tnych na wycieczk\u0119 do Lublina i Koz\u0142\u00f3wki. Wycieczka w dn. 18 &#8211; 19.09.2024 &#8211; KOSZT\u00a0 ok. 450.- z\u0142 (na dzie\u0144 6.06.2024) Zapisy telefonicznie przyjmuje kol. Mirka Kulma O sposobie wp\u0142at poinformujemy z chwil\u0105 skompletowania listy uczestnik\u00f3w.\u00a0 Program wycieczki &#8211; dokonujemy rezerwacji <span class=\"more-button\"><a class=\"more-link\" href=\"https:\/\/www.aktywnyseniormm.pl\/index.php\/2024\/06\/08\/ogloszenia-z-dnia-06-06-2024\/\">Czytaj ca\u0142o\u015b\u0107<\/a><\/span><\/p>\n","protected":false},"author":1,"featured_media":0,"comment_status":"open","ping_status":"open","sticky":false,"template":"","format":"standard","meta":{"footnotes":""},"categories":[39],"tags":[],"class_list":["post-14525","post","type-post","status-publish","format-standard","hentry","category-tablica-ogloszen"],"_links":{"self":[{"href":"https:\/\/www.aktywnyseniormm.pl\/index.php\/wp-json\/wp\/v2\/posts\/14525","targetHints":{"allow":["GET"]}}],"collection":[{"href":"https:\/\/www.aktywnyseniormm.pl\/index.php\/wp-json\/wp\/v2\/posts"}],"about":[{"href":"https:\/\/www.aktywnyseniormm.pl\/index.php\/wp-json\/wp\/v2\/types\/post"}],"author":[{"embeddable":true,"href":"https:\/\/www.aktywnyseniormm.pl\/index.php\/wp-json\/wp\/v2\/users\/1"}],"replies":[{"embeddable":true,"href":"https:\/\/www.aktywnyseniormm.pl\/index.php\/wp-json\/wp\/v2\/comments?post=14525"}],"version-history":[{"count":1,"href":"https:\/\/www.aktywnyseniormm.pl\/index.php\/wp-json\/wp\/v2\/posts\/14525\/revisions"}],"predecessor-version":[{"id":14526,"href":"https:\/\/www.aktywnyseniormm.pl\/index.php\/wp-json\/wp\/v2\/posts\/14525\/revisions\/14526"}],"wp:attachment":[{"href":"https:\/\/www.aktywnyseniormm.pl\/index.php\/wp-json\/wp\/v2\/media?parent=14525"}],"wp:term":[{"taxonomy":"category","embeddable":true,"href":"https:\/\/www.aktywnyseniormm.pl\/index.php\/wp-json\/wp\/v2\/categories?post=14525"},{"taxonomy":"post_tag","embeddable":true,"href":"https:\/\/www.aktywnyseniormm.pl\/index.php\/wp-json\/wp\/v2\/tags?post=14525"}],"curies":[{"name":"wp","href":"https:\/\/api.w.org\/{rel}","templated":true}]}}