{"id":14078,"date":"2024-01-29T11:35:48","date_gmt":"2024-01-29T10:35:48","guid":{"rendered":"https:\/\/www.aktywnyseniormm.pl\/?p=14078"},"modified":"2024-01-29T13:04:00","modified_gmt":"2024-01-29T12:04:00","slug":"przypomnienie","status":"publish","type":"post","link":"https:\/\/www.aktywnyseniormm.pl\/index.php\/2024\/01\/29\/przypomnienie\/","title":{"rendered":"PRZYPOMNIENIE"},"content":{"rendered":"\n<p>Przypominamy, \u017ce:<\/p>\n<ul>\n<li><strong>z dniem\u00a0 31 stycznia br.<\/strong> up\u0142ywa termin wp\u0142at <strong>za PP (pakiet podstawowy) w wys. 70.- z\u0142otych<\/strong>\u00a0<\/li>\n<li><strong>z dniem\u00a0 01 lutego br.<\/strong> up\u0142ywa termin wp\u0142aty zaliczki na\u00a0 <strong>&#8222;ROWY&#8221; w wys. 500.- z\u0142 <\/strong>(wypoczynek letni)<\/li>\n<li><strong>z dniem 26 stycznia br.<\/strong> min\u0105\u0142 termin wp\u0142at <strong>za aktywno\u015bci fizyczne w II semestrze<\/strong> &#8211; koszty podane we wcze\u015bniejszym komunikacie.\u00a0<\/li>\n<li><strong>w dniu 31 stycznia w ZD (w godz. 11.00 &#8211; 13.00)<\/strong> &#8211; ostatnie wp\u0142aty zaliczki w wys. 200 z\u0142 na WROC\u0141AW\u00a0<\/li>\n<li>przyjmujemy zapisy ch\u0119tnych\u00a0 na &#8222;WALENTYNKI&#8221; &#8211; zabawa w lokalu ESTA\u00a0 w dniu 08.02.2024 (czwartek) &#8211; <strong>koszt 80 z\u0142.<\/strong> &#8211; koord. Hania Gryz (wp\u0142aty w ZD w \u015brod\u0119 31.01.2024 lub wyj\u0105tkowo w czwartek po wyk\u0142adzie)<\/li>\n<\/ul>\n<p><strong>W dniu 01.02.2024 (czwartek)\u00a0<\/strong> godz. 10.00\u00a0 MSA\u00a0 &#8211; wyk\u0142ad pt. <strong>&#8222;Z kart historii \u015bwiatowych wynalazk\u00f3w: Wilhelm Conrad Rontgen i promienie X&#8221; &#8211; prelegent p. Prof. Zofia Zwolska<\/strong><\/p>\n<p>Informujemy, \u017ce\u00a0 <strong>ZAJ\u0118CIA PLASTYCZNE\u00a0 w dniu 30.01.2024<\/strong> (wtorek)\u00a0 nie odb\u0119d\u0105 si\u0119. Przepraszamy<\/p>\n<p>\u00a0<\/p>\n<p>Zarz\u0105d<\/p>\n","protected":false},"excerpt":{"rendered":"<p>Przypominamy, \u017ce: z dniem\u00a0 31 stycznia br. up\u0142ywa termin wp\u0142at za PP (pakiet podstawowy) w wys. 70.- z\u0142otych\u00a0 z dniem\u00a0 01 lutego br. up\u0142ywa termin wp\u0142aty zaliczki na\u00a0 &#8222;ROWY&#8221; w wys. 500.- z\u0142 (wypoczynek letni) z dniem 26 stycznia br. min\u0105\u0142 termin wp\u0142at za aktywno\u015bci fizyczne w II semestrze &#8211; koszty podane we wcze\u015bniejszym komunikacie.\u00a0 w dniu 31 stycznia w <span class=\"more-button\"><a class=\"more-link\" href=\"https:\/\/www.aktywnyseniormm.pl\/index.php\/2024\/01\/29\/przypomnienie\/\">Czytaj ca\u0142o\u015b\u0107<\/a><\/span><\/p>\n","protected":false},"author":1,"featured_media":0,"comment_status":"open","ping_status":"open","sticky":false,"template":"","format":"standard","meta":{"footnotes":""},"categories":[5],"tags":[],"class_list":["post-14078","post","type-post","status-publish","format-standard","hentry","category-strona-glowna"],"_links":{"self":[{"href":"https:\/\/www.aktywnyseniormm.pl\/index.php\/wp-json\/wp\/v2\/posts\/14078","targetHints":{"allow":["GET"]}}],"collection":[{"href":"https:\/\/www.aktywnyseniormm.pl\/index.php\/wp-json\/wp\/v2\/posts"}],"about":[{"href":"https:\/\/www.aktywnyseniormm.pl\/index.php\/wp-json\/wp\/v2\/types\/post"}],"author":[{"embeddable":true,"href":"https:\/\/www.aktywnyseniormm.pl\/index.php\/wp-json\/wp\/v2\/users\/1"}],"replies":[{"embeddable":true,"href":"https:\/\/www.aktywnyseniormm.pl\/index.php\/wp-json\/wp\/v2\/comments?post=14078"}],"version-history":[{"count":6,"href":"https:\/\/www.aktywnyseniormm.pl\/index.php\/wp-json\/wp\/v2\/posts\/14078\/revisions"}],"predecessor-version":[{"id":14089,"href":"https:\/\/www.aktywnyseniormm.pl\/index.php\/wp-json\/wp\/v2\/posts\/14078\/revisions\/14089"}],"wp:attachment":[{"href":"https:\/\/www.aktywnyseniormm.pl\/index.php\/wp-json\/wp\/v2\/media?parent=14078"}],"wp:term":[{"taxonomy":"category","embeddable":true,"href":"https:\/\/www.aktywnyseniormm.pl\/index.php\/wp-json\/wp\/v2\/categories?post=14078"},{"taxonomy":"post_tag","embeddable":true,"href":"https:\/\/www.aktywnyseniormm.pl\/index.php\/wp-json\/wp\/v2\/tags?post=14078"}],"curies":[{"name":"wp","href":"https:\/\/api.w.org\/{rel}","templated":true}]}}