{"id":13748,"date":"2023-10-06T07:37:12","date_gmt":"2023-10-06T05:37:12","guid":{"rendered":"https:\/\/www.aktywnyseniormm.pl\/?p=13748"},"modified":"2024-04-04T15:15:50","modified_gmt":"2024-04-04T13:15:50","slug":"szczegolowy-rozklad-zajec","status":"publish","type":"post","link":"https:\/\/www.aktywnyseniormm.pl\/index.php\/2023\/10\/06\/szczegolowy-rozklad-zajec\/","title":{"rendered":"SZCZEG\u00d3\u0141OWY\u00a0 ROZK\u0141AD \u00a0ZAJE\u0106"},"content":{"rendered":"\n<p>S\u0141UCHACZY&nbsp; MUTW<\/p>\n\n\n\n<p>W \u00a0II \u00a0SEMESTRZE\u00a0 2023\/2024<\/p>\n\n\n\n<p>(29 stycznia 2024&nbsp; \u2013&nbsp; 06 czerwca 2024)<\/p>\n\n\n\n<figure class=\"wp-block-table\"><table><tbody><tr><td>Data\/godz<\/td><td>Temat wyk\u0142adu<\/td><td>Wyk\u0142adowca<\/td><\/tr><tr><td colspan=\"3\"><strong>LUTY&nbsp; 2024<\/strong><\/td><\/tr><tr><td>01.02.2024 &nbsp; 10.00<\/td><td>&nbsp;&nbsp;Z kart historii \u015bwiatowych wynalazk\u00f3w: Wilhelm Conrad R\u00f6ntgen i promienie X<\/td><td>Prof. Zofia Zwolska &nbsp; wyk\u0142ad otwarty<\/td><\/tr><tr><td>&nbsp; 08.02.2024 &nbsp; 10.00<\/td><td>Nasze zdrowie: Najcz\u0119stsze problemy st\u00f3p i ko\u0144czyn dolnych w praktyce podologa<\/td><td>p. Ewelina \u017bukowska &#8211; Mytkowska &nbsp;<\/td><\/tr><tr><td>&nbsp; 15.02.2024 &nbsp; 10.00<\/td><td>Zabytki kultury materialnej &#8211; Wilan\u00f3w<\/td><td>o. Ola Kresowska<\/td><\/tr><tr><td>&nbsp; 22.02.2024 &nbsp; 10.00<\/td><td>1. Miko\u0142aj Kopernik \u2013 czy go znamy? 2. Dlaczego mamy rok przest\u0119pny?<\/td><td>p. Emilia Szutenbach &nbsp; p. S\u0142awomir Ziemicki<\/td><\/tr><tr><td>&nbsp; 29.02.2024 &nbsp; 10.00<\/td><td>Zmiany w infrastrukturze spo\u0142ecznej i gospodarczej naszego regionu \u2013 miasta i powiatu w ostatnich latach. Uwarunkowania<\/td><td>&nbsp; Starosta Mi\u0144ski p. Antoni Jan Tarczy\u0144ski &nbsp; Burmistrz Miasta Mi\u0144sk Mazowiecki p. Marcin Jakubowski<\/td><\/tr><tr><td colspan=\"3\"><strong><em>I N N E<\/em><\/strong><\/td><\/tr><tr><td><em>08.02.2024<\/em> <em>16.00 ESTA<\/em><\/td><td><em>WALENTYNKI \u2013 zabawa karnawa\u0142owa<\/em><\/td><td><em>RS, Zarz\u0105d<\/em> <em>(sk\u0142adkowa)<\/em><\/td><\/tr><tr><td><em>&nbsp;<\/em><\/td><td><em>Teatr<\/em> <em>w uzgadnianiu<\/em><\/td><td><em>koord. Zyta Drabarek<\/em><\/td><\/tr><tr><td><em>&nbsp;\u2026\u2026\u2026\u2026..<\/em> <em>&nbsp;<\/em> <em>\u2026\u2026\u2026\u2026\u2026<\/em><\/td><td><em>Spotkanie \u2013 przygotowania &nbsp;do wydania biuletynu XV-lecia S\u201dRTW\u201d<\/em><\/td><td><em>&nbsp;ZD<\/em> <em>koord. Jadwiga Maciejewska<\/em><em><\/em><\/td><\/tr><\/tbody><\/table><\/figure>\n\n\n\n<figure class=\"wp-block-table\"><table><tbody><tr><td colspan=\"3\"><strong>&nbsp;&nbsp;&nbsp;&nbsp;&nbsp;&nbsp;&nbsp;&nbsp;&nbsp; &nbsp;&nbsp;&nbsp;&nbsp;&nbsp;&nbsp;&nbsp;&nbsp;&nbsp;&nbsp;&nbsp;&nbsp;&nbsp;&nbsp;MARZEC&nbsp; 2024<\/strong><\/td><\/tr><tr><td>07.03.2024 &nbsp; 10.00 &nbsp; &nbsp; 11.15<\/td><td>1. Jaros\u0142aw Iwaszkiewicz \u2013 dorobek tw\u00f3rczy (w 130. rocznic\u0119 urodzin) 2. Dzie\u0144 Kobiet i M\u0119\u017cczyzn<\/td><td>&nbsp;p. Violetta Machnicka &nbsp; &nbsp; koord. E. Ga\u0144ko &nbsp;<\/td><\/tr><tr><td>14.03.2024 10.00 &nbsp; 11.15<\/td><td>1. Damy w siodle &nbsp; 2. Co z tym snem?<\/td><td>p. Urszula Kowalczuk p. Hanna Michalska<\/td><\/tr><tr><td>21.03.2024 &nbsp; 10.00<\/td><td>1. Chopin i George Sand&nbsp; i ich zima&nbsp; na Majorce 2. Powitanie Wiosny \u2013 \u201eKapelusze\u201d<\/td><td>p. Igor Pogorzelski &nbsp; &nbsp; RS<\/td><\/tr><tr><td colspan=\"3\"><strong><em>I N N E<\/em><\/strong><\/td><\/tr><tr><td>&nbsp;<\/td><td><em>Spotkanie \u2013 przygotowania &nbsp;do wydania biuletynu XV-lecia S\u201dRTW\u201d<\/em><\/td><td><em>ZD<\/em> <em>koord. Jadwiga Maciejewska<\/em><\/td><\/tr><tr><td>10.03.2024 wyjazd &nbsp;<\/td><td><em>Teatr ATENEUM:<\/em> <em>\u201dGustawowi Holoubkowi \u201e\u2026<\/em><\/td><td><em>koord. Zyta Drabarek<\/em><\/td><\/tr><tr><td colspan=\"3\"><strong>Przerwa \u015bwi\u0105teczna Wielkanocna 28.03.24 &#8211; 02.04.24<\/strong><\/td><\/tr><tr><td colspan=\"3\"><strong>KWIECIE\u0143&nbsp; 2024<\/strong><em><\/em><\/td><\/tr><tr><td>04.04.2024<\/td><td>Lasy,&nbsp; gospodarka le\u015bna i ich wp\u0142yw na nasze \u017cycie<\/td><td>&nbsp; p. Pawe\u0142 Kozakiewicz<\/td><\/tr><tr><td>11.04.2024<\/td><td>100 lat polskiego z\u0142otego (24.04.1924&nbsp; wprowadzony do obiegu)<\/td><td>&nbsp; p. Roman Ru\u015bplo &nbsp; wyk\u0142ad otwarty<\/td><\/tr><tr><td>18.04.2024 10.00<\/td><td>1. Kobiety z Ravensbr\u00fcck<\/td><td>w uzgodnieniu<\/td><\/tr><tr><td>25.04.2024 10.00<\/td><td>Dzie\u0144 Ziemi \u2013 \u201eKryzys klimatyczny \u2013 kryzys planetarny\u201d<\/td><td>p. Prof. dr hab. Szymon Malinowski wyk\u0142ad otwarty<\/td><\/tr><\/tbody><\/table><\/figure>\n\n\n\n<figure class=\"wp-block-table\"><table><tbody><tr><td colspan=\"3\"><strong><em>I N N E<\/em><\/strong><\/td><\/tr><tr><td>26 -29.04.2024<\/td><td><em>Wycieczka do Wroc\u0142awia<\/em><\/td><td><em>Zarz\u0105d<\/em><\/td><\/tr><tr><td colspan=\"3\"><strong>MAJ&nbsp; 2024<\/strong><\/td><\/tr><tr><td>09.05.2024 <br>10.00 \u00a0 <br>ok. 11.15<\/td><td><br>1. Cyberbezpiecze\u0144stwo. Sztuczna inteligencja. <br>2. Zabytki kultury materialnej &#8211; Wilan\u00f3w<\/td><td>p. Anna G\u00f3recka \u00a0<br> p. Ola Kresowska<\/td><\/tr><tr><td>16.05.2024 10.00<\/td><td>Dzie\u0144 Europy<\/td><td>p. Pawe\u0142 Kowal wyk\u0142ad otwarty<\/td><\/tr><tr><td>23.05. 2024 10.00<\/td><td>Sprawozdawczo Wyborcze WZC<\/td><td>Zarz\u0105d<\/td><\/tr><tr><td colspan=\"3\"><strong><em>I N N E<\/em><\/strong><\/td><\/tr><tr><td>11.05.2024<\/td><td><em>PIKNIK NW&nbsp; w Mieni<\/em><\/td><td><em>RS, Zarz\u0105d<\/em><\/td><\/tr><tr><td colspan=\"3\"><strong>&nbsp;&nbsp;&nbsp;&nbsp;&nbsp;&nbsp;&nbsp;&nbsp;&nbsp;&nbsp;&nbsp;&nbsp;&nbsp;&nbsp;&nbsp;&nbsp;&nbsp;&nbsp;&nbsp;&nbsp;&nbsp;&nbsp;&nbsp;&nbsp; CZERWIE C&nbsp; 2024<\/strong><em><\/em><\/td><\/tr><tr><td>06.06..2024 &nbsp; 11.00<\/td><td>Zako\u0144czenie roku akademickiego Jubileusz XV- lecia S\u201dRTW\u201d<\/td><td>Zarz\u0105d &nbsp; &nbsp;<\/td><\/tr><tr><td colspan=\"3\"><em>W A K A C J E<\/em><\/td><\/tr><tr><td>16 \u2013 25.06.2024<\/td><td>Wypoczynek letni&nbsp; w Busku Zdroju<\/td><td>koord. E. Ga\u0144ko<\/td><\/tr><tr><td>15 \u2013 27.08.2024<\/td><td>Wypoczynek letni w Rowach<\/td><td>koord. Z.H. Gryz<\/td><\/tr><tr><td>01 \u2013 13.09. 2024<\/td><td>Wypoczynek letni w Krynicy Morskiej<\/td><td>koord. Z. Grzelak<\/td><\/tr><\/tbody><\/table><\/figure>\n\n\n\n<p><strong>K\u0104CIK&nbsp; HISTORYCZNY &nbsp;\u2013 1. czwartek miesi\u0105ca&nbsp;&nbsp;<\/strong><\/p>\n\n\n\n<p><strong>K\u0104CIK&nbsp; BIBLIOTECZNY \u2013 3. czwartek miesi\u0105ca<\/strong><\/p>\n\n\n\n<p><strong>K\u0104CIK \u017bYCZENIOWY\u00a0\u00a0 \u00a0\u2013 ostatni czwartek miesi\u0105ca<\/strong><\/p>\n\n\n\n<p><\/p>\n\n\n\n<p><\/p>\n\n\n\n<p>  SZCZEG\u00d3\u0141OWY ROZK\u0141AD ZAJ\u0118\u0106<\/p>\n\n\n\n<p>S\u0141UCHACZY  MUTW<\/p>\n\n\n\n<p>w I SEMESTRZE  2023\/2024<\/p>\n\n\n\n<p>(5 PA\u0179DZIERNIKA 2023&nbsp; \u2013&nbsp; 28 stycznia 2024)<\/p>\n\n\n\n<figure class=\"wp-block-table\"><table><tbody><tr><td>Data\/godz<\/td><td>Temat wyk\u0142adu<\/td><td>Wyk\u0142adowca<\/td><\/tr><tr><td colspan=\"3\"><strong>&nbsp;&nbsp;&nbsp;&nbsp;&nbsp;&nbsp;&nbsp;&nbsp;&nbsp;&nbsp;&nbsp;&nbsp;&nbsp;&nbsp;&nbsp;&nbsp;&nbsp;&nbsp;&nbsp;&nbsp;&nbsp;&nbsp;&nbsp;&nbsp;&nbsp;&nbsp;&nbsp;&nbsp;&nbsp;&nbsp;&nbsp;&nbsp;&nbsp;&nbsp;&nbsp;&nbsp;&nbsp;&nbsp;&nbsp; PA\u0179DZIERNIK 2023<\/strong><\/td><\/tr><tr><td>&nbsp; 05.10.2023 &nbsp; 12.00 &nbsp; 13.00 &nbsp;<\/td><td>INAUGURACJA 1-Cz\u0119\u015b\u0107 oficjalna 2-Og\u00f3lnopolska Karta Seniora &nbsp; 3- Koncert \u201eStanis\u0142awa Celi\u0144ska kameralnie\u201d z zespo\u0142em pod kierownictwem Macieja Muraszko<\/td><td>Zarz\u0105d Koncert \u2013 wsp\u00f3\u0142finansowany przez w\u0142adze samorz\u0105dowe miasta, powiatu i&nbsp; gminy Mi\u0144sk Mazowiecki<\/td><\/tr><tr><td>&nbsp; 12.10.2023 &nbsp; 10.00<\/td><td>Podsumowanie edycji 6-tomowego dzie\u0142a pt. \u201eVI wiek\u00f3w Mi\u0144ska Mazowieckiego\u201d&nbsp; z okazji 600-lecia miasta &nbsp; <strong>wyk\u0142ad otwarty<\/strong><strong><\/strong><\/td><td>p. dr A. Nowik p. S. Kuligowski p. dr &nbsp;J. Kuligowski kx .Prof. Waldemar Gli\u0144ski p.&nbsp; Marek Zalewski p. dr Lilla K\u0142os &nbsp; w\u0142adze samorz\u0105dowe &nbsp; &nbsp;<\/td><\/tr><tr><td>&nbsp; 19.10.2023 10.00<em><\/em> <em>&nbsp;<\/em> ok. 11.30<\/td><td>1.Julian Tuwim \u2013 historia polskiego kabaretu 2. Inspekcja Handlowa \u2013 temat w uzgodnieniu<\/td><td>p. Igor Pogorzelski &nbsp; p. Wies\u0142awa Grochowska<\/td><\/tr><tr><td>&nbsp; 26.10.2023 &nbsp; 10.00<\/td><td>Piosenka przypomni Ci \u2026 &#8211;&nbsp; program artystyczny<\/td><td>&nbsp;koord. Ewa Ga\u0144ko<\/td><\/tr><tr><td colspan=\"3\"><strong><em>I N N E<\/em><\/strong><\/td><\/tr><tr><td><em>17.10.2023<\/em> wtorek <em> 8.30<\/em> <em>MDK<\/em><\/td><td><em>Warszawa: Saska K\u0119pa i Park Skaryszewski<\/em><\/td><td><em>przewodnik<\/em> <em>Hubert Smoczyk<\/em><\/td><\/tr><tr><td><em>&nbsp;18.10.2023<\/em> <em>\u015broda<\/em><\/td><td><em>Spotkanie &#8211; wyb\u00f3r tekst\u00f3w i zdj\u0119\u0107 do biuletynu S\u201dRTW\u201d<\/em><\/td><td><em>&nbsp;ZD<\/em> <em>koord. J. Maciejewska<\/em><em><\/em><\/td><\/tr><tr><td><em>20.10.2023<\/em> <em>godz. \u2026<\/em><\/td><td><em>\u015awi\u0119to ziemniaka \u2013 piknk integracyjny<\/em><\/td><td><em>Rada S\u0142uchaczy<\/em><\/td><\/tr><tr><td><em>wyjazd<\/em> <em>27.10.2023<\/em><em> <\/em><em>Och Teatr<\/em><em><\/em><\/td><td><em>Spektakl \u201eMetoda\u201d<\/em><\/td><td><em>koord.<\/em> <em>Z. Drabarek<\/em> <em>&nbsp;<\/em><\/td><\/tr><tr><td><em>&nbsp;<\/em><\/td><td><em>&nbsp;<\/em><\/td><td><em>&nbsp;<\/em><\/td><\/tr><tr><td colspan=\"3\"><strong>&nbsp;&nbsp;&nbsp;&nbsp;&nbsp;&nbsp;&nbsp;&nbsp;&nbsp;&nbsp;&nbsp;&nbsp;&nbsp;&nbsp;&nbsp;&nbsp;&nbsp;&nbsp;&nbsp;&nbsp;&nbsp;&nbsp;&nbsp;&nbsp;&nbsp;&nbsp;&nbsp;&nbsp;&nbsp;&nbsp;&nbsp;&nbsp;&nbsp;&nbsp;&nbsp;&nbsp;&nbsp;&nbsp;&nbsp;&nbsp;&nbsp;&nbsp; LISTOPAD 2023<\/strong><\/td><\/tr><tr><td>09.11.2023 10.00<\/td><td>\u015awi\u0119to Niepodleg\u0142o\u015bci &#8211; temat w uzgodnieniu<\/td><td>&nbsp;p. Leszek Celej<\/td><\/tr><tr><td>16.11.2023 &nbsp; 10.00&nbsp; &#8211; 10.30 &nbsp; &nbsp; 10.30<\/td><td>1. Dzie\u0144 Niepodleg\u0142o\u015bci c.d. \u2013widowisko s\u0142owno \u2013 muzyczne PP nr 6 &nbsp;2.&nbsp; 95. rocznica powstania Biblioteki Narodowej i nasza MBP.<\/td><td>Przedszkolaki PP nr 6 &nbsp; &nbsp;<br>&nbsp; p. Karolina Wieczorek<\/td><\/tr><tr><td>23.11.2023 10.00 \u2013 11.30<\/td><td>Nasze zdrowie &#8211; kardiologia \u2013 temat w uzgodnieniu.<\/td><td>p. D. Mironiuk &nbsp; &nbsp;<\/td><\/tr><tr><td>30.11.2023 10.00<\/td><td>Wis\u0142awa Szymborska \u2013 w 100, rocznic\u0119 urodzin \u2013 widowisko poetyckie.<\/td><td>Uczniowie Szko\u0142y Podstawowej nr 3 w MM<\/td><\/tr><tr><td colspan=\"3\"><strong><em>&nbsp;&nbsp;&nbsp;&nbsp;&nbsp;&nbsp;&nbsp;&nbsp;&nbsp;&nbsp;&nbsp;&nbsp;&nbsp;&nbsp;&nbsp;&nbsp;&nbsp;&nbsp;&nbsp;&nbsp;&nbsp;&nbsp;&nbsp;&nbsp;&nbsp;&nbsp;&nbsp;&nbsp; I N N E<\/em><\/strong><\/td><\/tr><tr><td><em>\u2026.11.2023<\/em> <em>wyjazd<\/em><\/td><td><em>&nbsp;teatr (w ustalaniu)<\/em><\/td><td><em>koord. Zyta Drabarek<\/em><\/td><\/tr><tr><td><em>&nbsp;<\/em><em>30.11.2023<\/em> <em>czwartek<\/em><em><\/em><\/td><td><em>Zabawa Andrzejkowa dla ch\u0119tnych.<\/em><\/td><td><em>Rada S\u0142uchaczy<\/em> <em>(sk\u0142adkowa<\/em><\/td><\/tr><tr><td><em>&nbsp;<\/em><\/td><td><em>&nbsp;<\/em><\/td><td><em>&nbsp;<\/em><\/td><\/tr><tr><td colspan=\"3\">&nbsp;<em>&nbsp;<\/em>&nbsp;&nbsp;&nbsp;&nbsp;&nbsp;&nbsp;&nbsp;&nbsp;&nbsp;&nbsp;&nbsp;&nbsp;&nbsp;&nbsp;&nbsp;&nbsp;&nbsp;&nbsp;&nbsp;&nbsp;&nbsp;&nbsp; &nbsp;&nbsp;&nbsp;&nbsp;&nbsp;&nbsp;&nbsp;&nbsp;&nbsp;&nbsp;&nbsp;&nbsp;&nbsp;&nbsp;&nbsp;&nbsp;&nbsp;&nbsp;&nbsp;&nbsp;&nbsp;&nbsp;&nbsp;<strong>GRUDZIE\u0143 2023<\/strong><\/td><\/tr><tr><td>07.12.2023 10.00 &nbsp; &nbsp; &nbsp; ok. 11.15<\/td><td>1. Cykl \u201eLeki z apteki\u201d&nbsp; &#8211; Leki maj\u0105 leczy\u0107 a nie szkodzi\u0107 &nbsp; 2. Jak lekko i z dowcipem i\u015b\u0107 przez \u017cycie&nbsp;<\/td><td>p. Ewa Steckiewicz &#8211; Bartnicka &nbsp; &nbsp; p. J. Szwalbe<\/td><\/tr><tr><td>14.12.2023 10.00 &nbsp; 11.00 <strong>&nbsp;<\/strong><\/td><td>1.Jase\u0142ka &nbsp;&#8211; widowisko o Bo\u017cym Narodzeniu &nbsp; &nbsp;2.Choinka og\u00f3lna dla wszystkich &#8211; wsp\u00f3lne kol\u0119dowanie z &nbsp;Ch\u00f3rem \u201e\u015apiewamy Razem\u201d-<\/td><td>&nbsp;Przedszkolaki z &nbsp;Domowego Przedszkola &nbsp; &nbsp; RS, Zarz\u0105d<\/td><\/tr><\/tbody><\/table><\/figure>\n\n\n\n<p><strong>K\u0104CIK&nbsp; HISTORYCZNY \u2013 1. czwartek miesi\u0105ca&nbsp;&nbsp;<\/strong><\/p>\n\n\n\n<p><strong>K\u0104CIK&nbsp; BIBLIOTECZNY \u2013 3. czwartek miesi\u0105ca<\/strong><\/p>\n\n\n\n<p><strong>K\u0104CIK \u017bYCZENIOWY \u2013 ostatni czwartek miesi\u0105ca<\/strong><\/p>\n\n\n\n<p>Realizacja projektu Urz\u0119du Miasta \u201eKoncertowa jesie\u0144 Rado\u015bci Trzeciego Wieku\u201d&nbsp;<\/p>\n\n\n\n<p>Zarz\u0105d<\/p>\n","protected":false},"excerpt":{"rendered":"<p>S\u0141UCHACZY&nbsp; MUTW W \u00a0II \u00a0SEMESTRZE\u00a0 2023\/2024 (29 stycznia 2024&nbsp; \u2013&nbsp; 06 czerwca 2024) Data\/godz Temat wyk\u0142adu Wyk\u0142adowca LUTY&nbsp; 2024 01.02.2024 &nbsp; 10.00 &nbsp;&nbsp;Z kart historii \u015bwiatowych wynalazk\u00f3w: Wilhelm Conrad R\u00f6ntgen i promienie X Prof. Zofia Zwolska &nbsp; wyk\u0142ad otwarty &nbsp; 08.02.2024 &nbsp; 10.00 Nasze zdrowie: Najcz\u0119stsze problemy st\u00f3p i ko\u0144czyn dolnych w praktyce podologa p. Ewelina \u017bukowska &#8211; Mytkowska &nbsp; <span class=\"more-button\"><a class=\"more-link\" href=\"https:\/\/www.aktywnyseniormm.pl\/index.php\/2023\/10\/06\/szczegolowy-rozklad-zajec\/\">Czytaj ca\u0142o\u015b\u0107<\/a><\/span><\/p>\n","protected":false},"author":1,"featured_media":0,"comment_status":"open","ping_status":"open","sticky":false,"template":"","format":"standard","meta":{"footnotes":""},"categories":[16],"tags":[],"class_list":["post-13748","post","type-post","status-publish","format-standard","hentry","category-tematy-wykladow"],"_links":{"self":[{"href":"https:\/\/www.aktywnyseniormm.pl\/index.php\/wp-json\/wp\/v2\/posts\/13748","targetHints":{"allow":["GET"]}}],"collection":[{"href":"https:\/\/www.aktywnyseniormm.pl\/index.php\/wp-json\/wp\/v2\/posts"}],"about":[{"href":"https:\/\/www.aktywnyseniormm.pl\/index.php\/wp-json\/wp\/v2\/types\/post"}],"author":[{"embeddable":true,"href":"https:\/\/www.aktywnyseniormm.pl\/index.php\/wp-json\/wp\/v2\/users\/1"}],"replies":[{"embeddable":true,"href":"https:\/\/www.aktywnyseniormm.pl\/index.php\/wp-json\/wp\/v2\/comments?post=13748"}],"version-history":[{"count":6,"href":"https:\/\/www.aktywnyseniormm.pl\/index.php\/wp-json\/wp\/v2\/posts\/13748\/revisions"}],"predecessor-version":[{"id":14406,"href":"https:\/\/www.aktywnyseniormm.pl\/index.php\/wp-json\/wp\/v2\/posts\/13748\/revisions\/14406"}],"wp:attachment":[{"href":"https:\/\/www.aktywnyseniormm.pl\/index.php\/wp-json\/wp\/v2\/media?parent=13748"}],"wp:term":[{"taxonomy":"category","embeddable":true,"href":"https:\/\/www.aktywnyseniormm.pl\/index.php\/wp-json\/wp\/v2\/categories?post=13748"},{"taxonomy":"post_tag","embeddable":true,"href":"https:\/\/www.aktywnyseniormm.pl\/index.php\/wp-json\/wp\/v2\/tags?post=13748"}],"curies":[{"name":"wp","href":"https:\/\/api.w.org\/{rel}","templated":true}]}}