{"id":13234,"date":"2023-04-24T11:59:42","date_gmt":"2023-04-24T09:59:42","guid":{"rendered":"https:\/\/www.aktywnyseniormm.pl\/?p=13234"},"modified":"2023-05-05T21:42:36","modified_gmt":"2023-05-05T19:42:36","slug":"walne-zebranie-czlonkow-2","status":"publish","type":"post","link":"https:\/\/www.aktywnyseniormm.pl\/index.php\/2023\/04\/24\/walne-zebranie-czlonkow-2\/","title":{"rendered":"WALNE  ZEBRANIE  CZ\u0141ONK\u00d3W"},"content":{"rendered":"\n<p><strong><u>Z A W I A D O M I E N I E<\/u><\/strong><\/p>\n\n\n\n<p>O &nbsp;&nbsp;WALNYM &nbsp;&nbsp;ZEBRANIU &nbsp;SPRAWOZDAWCZYM&nbsp; CZ\u0141ONK\u00d3W<\/p>\n\n\n\n<p>STOWARZYSZENIA &nbsp;&#8222;RADO\u015a\u0106 &nbsp;TRZECIEGO &nbsp;WIEKU&#8221; &nbsp;&nbsp;W &nbsp;MI\u0143SKU MAZOWIECKIM <\/p>\n\n\n\n<p>Zarz\u0105d S &#8222;RTW&#8221;, &nbsp;zgodnie z art. 30 Statutu,&nbsp; zwo\u0142uje <strong>Sprawozdawcze&nbsp; Walne Zebranie<\/strong> <strong>Cz\u0142onk\u00f3w<\/strong> &nbsp;&nbsp;na &nbsp;&nbsp;dzie\u0144 &nbsp;<strong>11&nbsp; &nbsp;maja&nbsp; 2023  roku&nbsp; o&nbsp; godz. 10<u><sup>00<\/sup><\/u>&nbsp;&nbsp; w&nbsp; pierwszym&nbsp; terminie<\/strong>&nbsp;&nbsp;&nbsp;i &nbsp;&nbsp;<strong>10<u><sup>15<\/sup><\/u>&nbsp;&nbsp;w drugim terminie<\/strong>  w  Miejskiej  Szkole Artystycznej w Mi\u0144sku Mazowieckim.<\/p>\n\n\n\n<p>Sprawozdanie finansowe za rok 2022 do wgl\u0105du podczas dy\u017cur\u00f3w cz\u0142onk\u00f3w Zarz\u0105du&nbsp;&nbsp; w<strong>   Zielonym Domku<\/strong>  w dniach <strong>26 kwietnia 2023  r.  (\u015broda)  w godz. 11.00 &#8211; 13.00<\/strong>&nbsp;  i <strong> 5 maja 2023 r.  (pi\u0105tek)  w godz. 11.00 &#8211; 13.00<\/strong><\/p>\n\n\n\n<p>&nbsp;Prezes Zarz\u0105du<\/p>\n\n\n\n<p>&nbsp; Zofia Grzelak<\/p>\n\n\n\n\n","protected":false},"excerpt":{"rendered":"<p>Z A W I A D O M I E N I E O &nbsp;&nbsp;WALNYM &nbsp;&nbsp;ZEBRANIU &nbsp;SPRAWOZDAWCZYM&nbsp; CZ\u0141ONK\u00d3W STOWARZYSZENIA &nbsp;&#8222;RADO\u015a\u0106 &nbsp;TRZECIEGO &nbsp;WIEKU&#8221; &nbsp;&nbsp;W &nbsp;MI\u0143SKU MAZOWIECKIM Zarz\u0105d S &#8222;RTW&#8221;, &nbsp;zgodnie z art. 30 Statutu,&nbsp; zwo\u0142uje Sprawozdawcze&nbsp; Walne Zebranie Cz\u0142onk\u00f3w &nbsp;&nbsp;na &nbsp;&nbsp;dzie\u0144 &nbsp;11&nbsp; &nbsp;maja&nbsp; 2023 roku&nbsp; o&nbsp; godz. 1000&nbsp;&nbsp; w&nbsp; pierwszym&nbsp; terminie&nbsp;&nbsp;&nbsp;i &nbsp;&nbsp;1015&nbsp;&nbsp;w drugim terminie w Miejskiej Szkole Artystycznej w Mi\u0144sku Mazowieckim. <span class=\"more-button\"><a class=\"more-link\" href=\"https:\/\/www.aktywnyseniormm.pl\/index.php\/2023\/04\/24\/walne-zebranie-czlonkow-2\/\">Czytaj ca\u0142o\u015b\u0107<\/a><\/span><\/p>\n","protected":false},"author":1,"featured_media":0,"comment_status":"open","ping_status":"open","sticky":false,"template":"","format":"standard","meta":{"footnotes":""},"categories":[5,39],"tags":[],"class_list":["post-13234","post","type-post","status-publish","format-standard","hentry","category-strona-glowna","category-tablica-ogloszen"],"_links":{"self":[{"href":"https:\/\/www.aktywnyseniormm.pl\/index.php\/wp-json\/wp\/v2\/posts\/13234","targetHints":{"allow":["GET"]}}],"collection":[{"href":"https:\/\/www.aktywnyseniormm.pl\/index.php\/wp-json\/wp\/v2\/posts"}],"about":[{"href":"https:\/\/www.aktywnyseniormm.pl\/index.php\/wp-json\/wp\/v2\/types\/post"}],"author":[{"embeddable":true,"href":"https:\/\/www.aktywnyseniormm.pl\/index.php\/wp-json\/wp\/v2\/users\/1"}],"replies":[{"embeddable":true,"href":"https:\/\/www.aktywnyseniormm.pl\/index.php\/wp-json\/wp\/v2\/comments?post=13234"}],"version-history":[{"count":3,"href":"https:\/\/www.aktywnyseniormm.pl\/index.php\/wp-json\/wp\/v2\/posts\/13234\/revisions"}],"predecessor-version":[{"id":13262,"href":"https:\/\/www.aktywnyseniormm.pl\/index.php\/wp-json\/wp\/v2\/posts\/13234\/revisions\/13262"}],"wp:attachment":[{"href":"https:\/\/www.aktywnyseniormm.pl\/index.php\/wp-json\/wp\/v2\/media?parent=13234"}],"wp:term":[{"taxonomy":"category","embeddable":true,"href":"https:\/\/www.aktywnyseniormm.pl\/index.php\/wp-json\/wp\/v2\/categories?post=13234"},{"taxonomy":"post_tag","embeddable":true,"href":"https:\/\/www.aktywnyseniormm.pl\/index.php\/wp-json\/wp\/v2\/tags?post=13234"}],"curies":[{"name":"wp","href":"https:\/\/api.w.org\/{rel}","templated":true}]}}