{"id":1270,"date":"2012-05-10T15:54:49","date_gmt":"2012-05-10T13:54:49","guid":{"rendered":"http:\/\/serwer1734277.home.pl\/?p=1270"},"modified":"2017-08-08T16:01:44","modified_gmt":"2017-08-08T14:01:44","slug":"sprawozdawczo-wyborcze-zebranie-czlonkow-stowarzyszenia-radosc-trzeciego-wieku","status":"publish","type":"post","link":"https:\/\/www.aktywnyseniormm.pl\/index.php\/2012\/05\/10\/sprawozdawczo-wyborcze-zebranie-czlonkow-stowarzyszenia-radosc-trzeciego-wieku\/","title":{"rendered":"Sprawozdawczo Wyborcze Zebranie Cz\u0142onk\u00f3w Stowarzyszenia ?Rado\u015b\u0107 Trzeciego Wieku?"},"content":{"rendered":"<p style=\"text-align: justify;\">Dnia 10 maja 2012 r. odby\u0142o si\u0119 pierwsze Sprawozdawczo Wyborcze Zebranie Cz\u0142onk\u00f3w Stowarzyszenia ?Rado\u015b\u0107 Trzeciego Wieku? Na zebranie przybyli zaproszeni go\u015bcie oraz cz\u0142onkowie Stowarzyszenia. Cz\u0142onkowie Zarz\u0105du z\u0142o\u017cyli sprawozdana: merytoryczne i finansowe za rok 2011. Komisja Rewizyjna przedstawi\u0142a sprawozdanie oceniaj\u0105ce prac\u0119 Zarz\u0105du w roku 2011 i zawnioskowa\u0142a o udzielenie absolutorium WZC uchwa\u0142\u0105 udzieli\u0142o absolutorium Zarz\u0105dowi za rok 2012, zatwierdzi\u0142o r\u00f3wnie\u017c wynik finansowy za rok 2011 i jego przeznaczenie. Nast\u0119pnie zosta\u0142y przedstawione i zatwierdzone plany: merytoryczny i finansowy na rok 2012. WZC podj\u0119\u0142o uchwa\u0142\u0119 o przyznaniu p. Leszkowi Celejowi statusu cz\u0142onka honorowego Stowarzyszenia W dalszej cz\u0119\u015bci Zebrania dokonano wybor\u00f3w Zarz\u0105du i Komisji Rewizyjnej. W wyniku g\u0142osowania cz\u0142onkami Zarz\u0105du oraz Komisji Rewizyjnej pozosta\u0142y osoby sprawuj\u0105ce te funkcje w poprzedniej kadencji<\/p>\n\n\t\t<style type=\"text\/css\">\n\t\t\t#gallery-1 {\n\t\t\t\tmargin: auto;\n\t\t\t}\n\t\t\t#gallery-1 .gallery-item {\n\t\t\t\tfloat: left;\n\t\t\t\tmargin-top: 10px;\n\t\t\t\ttext-align: center;\n\t\t\t\twidth: 33%;\n\t\t\t}\n\t\t\t#gallery-1 img {\n\t\t\t\tborder: 2px solid #cfcfcf;\n\t\t\t}\n\t\t\t#gallery-1 .gallery-caption {\n\t\t\t\tmargin-left: 0;\n\t\t\t}\n\t\t\t\/* see gallery_shortcode() in wp-includes\/media.php *\/\n\t\t<\/style>\n\t\t<div id='gallery-1' class='gallery galleryid-1270 gallery-columns-3 gallery-size-thumbnail'><dl class='gallery-item'>\n\t\t\t<dt class='gallery-icon landscape'>\n\t\t\t\t<a href='https:\/\/www.aktywnyseniormm.pl\/wp-content\/uploads\/2017\/08\/cache_2434050065.jpg'><img loading=\"lazy\" decoding=\"async\" width=\"150\" height=\"150\" src=\"https:\/\/www.aktywnyseniormm.pl\/wp-content\/uploads\/2017\/08\/cache_2434050065-150x150.jpg\" class=\"attachment-thumbnail size-thumbnail\" alt=\"\" \/><\/a>\n\t\t\t<\/dt><\/dl><dl class='gallery-item'>\n\t\t\t<dt class='gallery-icon landscape'>\n\t\t\t\t<a href='https:\/\/www.aktywnyseniormm.pl\/wp-content\/uploads\/2017\/08\/cache_2434049959.jpg'><img loading=\"lazy\" decoding=\"async\" width=\"150\" height=\"150\" src=\"https:\/\/www.aktywnyseniormm.pl\/wp-content\/uploads\/2017\/08\/cache_2434049959-150x150.jpg\" class=\"attachment-thumbnail size-thumbnail\" alt=\"\" \/><\/a>\n\t\t\t<\/dt><\/dl><dl class='gallery-item'>\n\t\t\t<dt class='gallery-icon landscape'>\n\t\t\t\t<a href='https:\/\/www.aktywnyseniormm.pl\/wp-content\/uploads\/2017\/08\/cache_2422977250.jpg'><img loading=\"lazy\" decoding=\"async\" width=\"150\" height=\"150\" src=\"https:\/\/www.aktywnyseniormm.pl\/wp-content\/uploads\/2017\/08\/cache_2422977250-150x150.jpg\" class=\"attachment-thumbnail size-thumbnail\" alt=\"\" \/><\/a>\n\t\t\t<\/dt><\/dl><br style=\"clear: both\" \/>\n\t\t<\/div>\n\n","protected":false},"excerpt":{"rendered":"<p>Dnia 10 maja 2012 r. odby\u0142o si\u0119 pierwsze Sprawozdawczo Wyborcze Zebranie Cz\u0142onk\u00f3w Stowarzyszenia ?Rado\u015b\u0107 Trzeciego Wieku? Na zebranie przybyli zaproszeni go\u015bcie oraz cz\u0142onkowie Stowarzyszenia. Cz\u0142onkowie Zarz\u0105du z\u0142o\u017cyli sprawozdana: merytoryczne i finansowe za rok 2011. Komisja Rewizyjna przedstawi\u0142a sprawozdanie oceniaj\u0105ce prac\u0119 Zarz\u0105du w roku 2011 i zawnioskowa\u0142a o udzielenie absolutorium WZC uchwa\u0142\u0105 udzieli\u0142o absolutorium Zarz\u0105dowi za rok 2012, zatwierdzi\u0142o r\u00f3wnie\u017c wynik <span class=\"more-button\"><a class=\"more-link\" href=\"https:\/\/www.aktywnyseniormm.pl\/index.php\/2012\/05\/10\/sprawozdawczo-wyborcze-zebranie-czlonkow-stowarzyszenia-radosc-trzeciego-wieku\/\">Czytaj ca\u0142o\u015b\u0107<\/a><\/span><\/p>\n","protected":false},"author":1,"featured_media":0,"comment_status":"open","ping_status":"open","sticky":false,"template":"","format":"standard","meta":{"footnotes":""},"categories":[5,22],"tags":[],"class_list":["post-1270","post","type-post","status-publish","format-standard","hentry","category-strona-glowna","category-walne-zebrania-czlonkow"],"_links":{"self":[{"href":"https:\/\/www.aktywnyseniormm.pl\/index.php\/wp-json\/wp\/v2\/posts\/1270","targetHints":{"allow":["GET"]}}],"collection":[{"href":"https:\/\/www.aktywnyseniormm.pl\/index.php\/wp-json\/wp\/v2\/posts"}],"about":[{"href":"https:\/\/www.aktywnyseniormm.pl\/index.php\/wp-json\/wp\/v2\/types\/post"}],"author":[{"embeddable":true,"href":"https:\/\/www.aktywnyseniormm.pl\/index.php\/wp-json\/wp\/v2\/users\/1"}],"replies":[{"embeddable":true,"href":"https:\/\/www.aktywnyseniormm.pl\/index.php\/wp-json\/wp\/v2\/comments?post=1270"}],"version-history":[{"count":1,"href":"https:\/\/www.aktywnyseniormm.pl\/index.php\/wp-json\/wp\/v2\/posts\/1270\/revisions"}],"predecessor-version":[{"id":1274,"href":"https:\/\/www.aktywnyseniormm.pl\/index.php\/wp-json\/wp\/v2\/posts\/1270\/revisions\/1274"}],"wp:attachment":[{"href":"https:\/\/www.aktywnyseniormm.pl\/index.php\/wp-json\/wp\/v2\/media?parent=1270"}],"wp:term":[{"taxonomy":"category","embeddable":true,"href":"https:\/\/www.aktywnyseniormm.pl\/index.php\/wp-json\/wp\/v2\/categories?post=1270"},{"taxonomy":"post_tag","embeddable":true,"href":"https:\/\/www.aktywnyseniormm.pl\/index.php\/wp-json\/wp\/v2\/tags?post=1270"}],"curies":[{"name":"wp","href":"https:\/\/api.w.org\/{rel}","templated":true}]}}