{"id":11558,"date":"2022-04-28T19:15:14","date_gmt":"2022-04-28T17:15:14","guid":{"rendered":"http:\/\/www.aktywnyseniormm.pl\/?p=11558"},"modified":"2022-04-28T19:17:14","modified_gmt":"2022-04-28T17:17:14","slug":"walne-zebranie-czlonkow","status":"publish","type":"post","link":"https:\/\/www.aktywnyseniormm.pl\/index.php\/2022\/04\/28\/walne-zebranie-czlonkow\/","title":{"rendered":"WALNE  ZEBRANIE  CZ\u0141ONK\u00d3W"},"content":{"rendered":"\n<p><strong><u>Z A W I A D O M I E N I E<\/u><\/strong><\/p>\n\n\n\n<p>O &nbsp;&nbsp;WALNYM &nbsp;&nbsp;ZEBRANIU &nbsp;SPRAWOZDAWCZYM&nbsp; CZ\u0141ONK\u00d3W<\/p>\n\n\n\n<p>STOWARZYSZENIA &nbsp;?RADO\u015a\u0106 &nbsp;TRZECIEGO &nbsp;WIEKU? &nbsp;&nbsp;W &nbsp;MI\u0143SKU MAZOWIECKIM<\/p>\n\n\n\n<p>Zarz\u0105d S?RTW?, &nbsp;zgodnie z art. 30 Statutu,&nbsp; zwo\u0142uje <strong>Sprawozdawcze&nbsp; Walne Zebranie<\/strong> <strong>Cz\u0142onk\u00f3w<\/strong> &nbsp;&nbsp;na &nbsp;&nbsp;dzie\u0144 &nbsp;<strong>12&nbsp; &nbsp;maja&nbsp; 2022 roku&nbsp; o&nbsp; godz. 10<u><sup>00<\/sup><\/u>&nbsp;&nbsp; w&nbsp; pierwszym&nbsp; terminie<\/strong>&nbsp;&nbsp;&nbsp;i &nbsp;&nbsp;<strong>10<u><sup>15<\/sup><\/u>&nbsp;&nbsp;w drugim terminie<\/strong> w Miejskiej Szkole Artystycznej w Mi\u0144sku Mazowieckim.<\/p>\n\n\n\n<p>Sprawozdanie finansowe za rok 2021 do wgl\u0105du podczas dy\u017cur\u00f3w cz\u0142onk\u00f3w Zarz\u0105du\u00a0\u00a0 w Zielonym Domku w dniach 4 i 11 maja 2022 roku (2 kolejne \u015brody) w godz. 11<sup>00<\/sup> &#8211; 13<sup>00<\/sup>\u00a0<\/p>\n\n\n\n<p>&nbsp;Prezes Zarz\u0105du<\/p>\n\n\n\n<p>&nbsp; Zofia Grzelak<\/p>\n","protected":false},"excerpt":{"rendered":"<p>Z A W I A D O M I E N I E O &nbsp;&nbsp;WALNYM &nbsp;&nbsp;ZEBRANIU &nbsp;SPRAWOZDAWCZYM&nbsp; CZ\u0141ONK\u00d3W STOWARZYSZENIA &nbsp;?RADO\u015a\u0106 &nbsp;TRZECIEGO &nbsp;WIEKU? &nbsp;&nbsp;W &nbsp;MI\u0143SKU MAZOWIECKIM Zarz\u0105d S?RTW?, &nbsp;zgodnie z art. 30 Statutu,&nbsp; zwo\u0142uje Sprawozdawcze&nbsp; Walne Zebranie Cz\u0142onk\u00f3w &nbsp;&nbsp;na &nbsp;&nbsp;dzie\u0144 &nbsp;12&nbsp; &nbsp;maja&nbsp; 2022 roku&nbsp; o&nbsp; godz. 1000&nbsp;&nbsp; w&nbsp; pierwszym&nbsp; terminie&nbsp;&nbsp;&nbsp;i &nbsp;&nbsp;1015&nbsp;&nbsp;w drugim terminie w Miejskiej Szkole Artystycznej w Mi\u0144sku Mazowieckim. Sprawozdanie <span class=\"more-button\"><a class=\"more-link\" href=\"https:\/\/www.aktywnyseniormm.pl\/index.php\/2022\/04\/28\/walne-zebranie-czlonkow\/\">Czytaj ca\u0142o\u015b\u0107<\/a><\/span><\/p>\n","protected":false},"author":1,"featured_media":0,"comment_status":"open","ping_status":"open","sticky":false,"template":"","format":"standard","meta":{"footnotes":""},"categories":[5,25],"tags":[],"class_list":["post-11558","post","type-post","status-publish","format-standard","hentry","category-strona-glowna","category-walne-zebrania-czlonkow-galeria"],"_links":{"self":[{"href":"https:\/\/www.aktywnyseniormm.pl\/index.php\/wp-json\/wp\/v2\/posts\/11558","targetHints":{"allow":["GET"]}}],"collection":[{"href":"https:\/\/www.aktywnyseniormm.pl\/index.php\/wp-json\/wp\/v2\/posts"}],"about":[{"href":"https:\/\/www.aktywnyseniormm.pl\/index.php\/wp-json\/wp\/v2\/types\/post"}],"author":[{"embeddable":true,"href":"https:\/\/www.aktywnyseniormm.pl\/index.php\/wp-json\/wp\/v2\/users\/1"}],"replies":[{"embeddable":true,"href":"https:\/\/www.aktywnyseniormm.pl\/index.php\/wp-json\/wp\/v2\/comments?post=11558"}],"version-history":[{"count":2,"href":"https:\/\/www.aktywnyseniormm.pl\/index.php\/wp-json\/wp\/v2\/posts\/11558\/revisions"}],"predecessor-version":[{"id":11560,"href":"https:\/\/www.aktywnyseniormm.pl\/index.php\/wp-json\/wp\/v2\/posts\/11558\/revisions\/11560"}],"wp:attachment":[{"href":"https:\/\/www.aktywnyseniormm.pl\/index.php\/wp-json\/wp\/v2\/media?parent=11558"}],"wp:term":[{"taxonomy":"category","embeddable":true,"href":"https:\/\/www.aktywnyseniormm.pl\/index.php\/wp-json\/wp\/v2\/categories?post=11558"},{"taxonomy":"post_tag","embeddable":true,"href":"https:\/\/www.aktywnyseniormm.pl\/index.php\/wp-json\/wp\/v2\/tags?post=11558"}],"curies":[{"name":"wp","href":"https:\/\/api.w.org\/{rel}","templated":true}]}}