{"id":11221,"date":"2021-10-10T20:46:00","date_gmt":"2021-10-10T18:46:00","guid":{"rendered":"http:\/\/www.aktywnyseniormm.pl\/?p=11221"},"modified":"2022-03-05T20:59:06","modified_gmt":"2022-03-05T19:59:06","slug":"inauguracja-roku-akademickiego-2021-22","status":"publish","type":"post","link":"https:\/\/www.aktywnyseniormm.pl\/index.php\/2021\/10\/10\/inauguracja-roku-akademickiego-2021-22\/","title":{"rendered":"Inauguracja roku akademickiego 2021\/22"},"content":{"rendered":"\n<p>7 pa\u017adziernika 2021r w go\u015bcinnej, \u00a0jak co roku sali\u00a0 widowiskowej\u00a0 MSA \u00a0w Mi\u0144sku Mazowieckim spotkali\u015bmy si\u0119 \u00a0po raz pi\u0119tnasty , aby rozpocz\u0105\u0107 nowy rok akademicki 2021\/22. Niestety wszystko w rygorze sanitarnym ( maseczki , odleg\u0142o\u015bci, dezynfekcja r\u0105k) bo pandemia koronawirusa\u00a0 nas ?nie opuszcza?. Spotkanie inne ni\u017c zwykle, bo na scenie pojawi\u0142y si\u0119 dwie prezeski\u00a0 by\u0142a &#8211; pani Jadwiga Maciejewska i nowa &#8211; pani Aleksandra Diwulska. Uroczysto\u015b\u0107, rozpocz\u0119\u0142a by\u0142a Pani prezes, kt\u00f3ra powita\u0142a szacownych\u00a0 go\u015bci : \u00a0pos\u0142a na Sejm pana Czes\u0142awa Mroczka, \u00a0pana Jana Tarczy\u0144skiego ? starost\u0119 naszego powiatu , pani\u0105 Eliz\u0119 Bujalsk\u0105 ? w-ce burmistrz naszego miasta, pana Janusza Piechowskiego ? w\u00f3jta naszej gminy, pani\u0105 Paulin\u0119 Rzewusk\u0105 &#8211; Koryci\u0144sk\u0105 \u00a0dyrektor MSA, pani\u0105 Joann\u0119 Wilczak ? dyrektor MDK, pani\u0105 Karolin\u0119 Wieczorek ? dyrektor MBP, pana Leszka Celeja ? dyrektor MZM, panie dyrektor\u00a0 zaprzyja\u017anionych\u00a0 Przedszkoli, pani\u0105 Zofi\u0119 Gierdal ? dyrektor Przedszkola Domowego\u00a0 i \u00a0pani\u0105 Agnieszk\u0119 Mazurek ? dyrektor Przedszkola nr.6, \u00a0cz\u0142onk\u00f3w Rady Programowej ? pani\u0105 Bogus\u0142aw\u0119 Bednarsk\u0105 , pana Jerzego Jackowicza , pana Miros\u0142awa Bied\u0119 oraz obecnych s\u0142uchaczy . By\u0142y\u00a0 podzi\u0119kowania dla by\u0142ej i \u017cyczenia wielu sukces\u00f3w dla nowej prezes Zarz\u0105du Stowarzyszenia.\u00a0 Wyk\u0142ad Pani Elizy Bujalskiej &#8211; \u00a0zast\u0119pcy burmistrza, dotycz\u0105cy obchod\u00f3w 600 lecia praw naszego miasta i kr\u00f3tka cz\u0119\u015b\u0107 artystyczna w wykonaniu grupy \u00a0tanecznej ?Jak nie my to kto? i milusi\u0144skich z Przedszkola Domowego, \u00a0u\u015bwiadomi\u0142 nam , \u017ce wchodzimy w ten nowy rok akademicki z wielkim zapa\u0142em, ale pe\u0142ni obaw czy b\u0119dziemy mogli zrealizowa\u0107 nasze zamierzenia w czasie nieustaj\u0105cej pandemii?   <a rel=\"noreferrer noopener\" target=\"_blank\" href=\"http:\/\/www.aktywnyseniormm.pl\/index.php\/2021\/10\/08\/inauguracja-roku-2021-22\/\">http:\/\/www.aktywnyseniormm.pl\/index.php\/2021\/10\/08\/inauguracja-roku-2021-22\/(otworzy si\u0119 w nowej karcie)<\/a><\/p>\n","protected":false},"excerpt":{"rendered":"<p>7 pa\u017adziernika 2021r w go\u015bcinnej, \u00a0jak co roku sali\u00a0 widowiskowej\u00a0 MSA \u00a0w Mi\u0144sku Mazowieckim spotkali\u015bmy si\u0119 \u00a0po raz pi\u0119tnasty , aby rozpocz\u0105\u0107 nowy rok akademicki 2021\/22. Niestety wszystko w rygorze sanitarnym ( maseczki , odleg\u0142o\u015bci, dezynfekcja r\u0105k) bo pandemia koronawirusa\u00a0 nas ?nie opuszcza?. Spotkanie inne ni\u017c zwykle, bo na scenie pojawi\u0142y si\u0119 dwie prezeski\u00a0 by\u0142a &#8211; pani Jadwiga Maciejewska i <span class=\"more-button\"><a class=\"more-link\" href=\"https:\/\/www.aktywnyseniormm.pl\/index.php\/2021\/10\/10\/inauguracja-roku-akademickiego-2021-22\/\">Czytaj ca\u0142o\u015b\u0107<\/a><\/span><\/p>\n","protected":false},"author":1,"featured_media":0,"comment_status":"open","ping_status":"open","sticky":false,"template":"","format":"standard","meta":{"footnotes":""},"categories":[17],"tags":[],"class_list":["post-11221","post","type-post","status-publish","format-standard","hentry","category-uroczystosci-i-spotkania"],"_links":{"self":[{"href":"https:\/\/www.aktywnyseniormm.pl\/index.php\/wp-json\/wp\/v2\/posts\/11221","targetHints":{"allow":["GET"]}}],"collection":[{"href":"https:\/\/www.aktywnyseniormm.pl\/index.php\/wp-json\/wp\/v2\/posts"}],"about":[{"href":"https:\/\/www.aktywnyseniormm.pl\/index.php\/wp-json\/wp\/v2\/types\/post"}],"author":[{"embeddable":true,"href":"https:\/\/www.aktywnyseniormm.pl\/index.php\/wp-json\/wp\/v2\/users\/1"}],"replies":[{"embeddable":true,"href":"https:\/\/www.aktywnyseniormm.pl\/index.php\/wp-json\/wp\/v2\/comments?post=11221"}],"version-history":[{"count":2,"href":"https:\/\/www.aktywnyseniormm.pl\/index.php\/wp-json\/wp\/v2\/posts\/11221\/revisions"}],"predecessor-version":[{"id":11223,"href":"https:\/\/www.aktywnyseniormm.pl\/index.php\/wp-json\/wp\/v2\/posts\/11221\/revisions\/11223"}],"wp:attachment":[{"href":"https:\/\/www.aktywnyseniormm.pl\/index.php\/wp-json\/wp\/v2\/media?parent=11221"}],"wp:term":[{"taxonomy":"category","embeddable":true,"href":"https:\/\/www.aktywnyseniormm.pl\/index.php\/wp-json\/wp\/v2\/categories?post=11221"},{"taxonomy":"post_tag","embeddable":true,"href":"https:\/\/www.aktywnyseniormm.pl\/index.php\/wp-json\/wp\/v2\/tags?post=11221"}],"curies":[{"name":"wp","href":"https:\/\/api.w.org\/{rel}","templated":true}]}}