{"id":11210,"date":"2022-02-15T10:02:00","date_gmt":"2022-02-15T09:02:00","guid":{"rendered":"http:\/\/www.aktywnyseniormm.pl\/?p=11210"},"modified":"2022-03-02T10:30:55","modified_gmt":"2022-03-02T09:30:55","slug":"sprawozdanie-z-pobytu-w-naleczowie-w-dniach-31-01-2022r","status":"publish","type":"post","link":"https:\/\/www.aktywnyseniormm.pl\/index.php\/2022\/02\/15\/sprawozdanie-z-pobytu-w-naleczowie-w-dniach-31-01-2022r\/","title":{"rendered":"Sprawozdanie z pobytu w Na\u0142\u0119czowie. W dniach 31.01.2022r"},"content":{"rendered":"\n<p><strong>33<\/strong> osobowa grupa&nbsp; naszych s\u0142uchaczy odpoczywa\u0142a i regenerowa\u0142a swoje zdrowie &nbsp;&nbsp;w uzdrowisku Na\u0142\u0119cz\u00f3w. Mieszkali\u015bmy w sanatorium zlokalizowanym w pi\u0119knym , zabytkowym budynku z urokliwymi werandami i dachami. Sanatorium nosi imi\u0119 Ksi\u0119cia J\u00f3zefa i pami\u0119ta czas&nbsp; pp. Prusa i \u017beromskiego. Ju\u017c wtedy znajdowa\u0142y si\u0119 w nim poza pokojami go\u015bcinnymi , gabinety lekarskie, sala gimnastyki korekcyjnej&nbsp;&nbsp; a nawet czytelnia i stacja meteorolgiczna. Z jego okien rozci\u0105ga si\u0119 widok na malowniczy park zdrojowy. Na nas czeka\u0142y w obiekcie \u015bwie\u017co odnowione , wygodne pokoje. Po zainstalowaniu si\u0119 w nich&nbsp; i po wizycie u lekarza, kt\u00f3ry rozdzieli\u0142 nam zabiegi, wybrali\u015bmy si\u0119 na pierwsz\u0105 wycieczk\u0119 ,,melexem? po Na\u0142\u0119czowie i okolicy.&nbsp;&nbsp;&nbsp;&nbsp;&nbsp;&nbsp;&nbsp;&nbsp;&nbsp;&nbsp;&nbsp;&nbsp;&nbsp;&nbsp;&nbsp;&nbsp;&nbsp;&nbsp;&nbsp;&nbsp;&nbsp;&nbsp;&nbsp;&nbsp;&nbsp;&nbsp;&nbsp;&nbsp;&nbsp;&nbsp;&nbsp;&nbsp;&nbsp;&nbsp;&nbsp;&nbsp;&nbsp;&nbsp;&nbsp;&nbsp;&nbsp;&nbsp;&nbsp;&nbsp;&nbsp;&nbsp;&nbsp;&nbsp;&nbsp;&nbsp;&nbsp;&nbsp;&nbsp;&nbsp;&nbsp;&nbsp;&nbsp;&nbsp;&nbsp;&nbsp;&nbsp;&nbsp;&nbsp;&nbsp;&nbsp;&nbsp; <\/p>\n\n\n\n<figure class=\"wp-block-image size-large is-style-default\"><img loading=\"lazy\" decoding=\"async\" width=\"752\" height=\"560\" src=\"http:\/\/www.aktywnyseniormm.pl\/wp-content\/uploads\/2022\/03\/272690180_255282350087805_3297162821108944473_n.jpg\" alt=\"\" class=\"wp-image-11216\" srcset=\"https:\/\/www.aktywnyseniormm.pl\/wp-content\/uploads\/2022\/03\/272690180_255282350087805_3297162821108944473_n.jpg 752w, https:\/\/www.aktywnyseniormm.pl\/wp-content\/uploads\/2022\/03\/272690180_255282350087805_3297162821108944473_n-300x223.jpg 300w, https:\/\/www.aktywnyseniormm.pl\/wp-content\/uploads\/2022\/03\/272690180_255282350087805_3297162821108944473_n-90x68.jpg 90w\" sizes=\"auto, (max-width: 752px) 100vw, 752px\" \/><\/figure>\n\n\n\n<p>Na\u0142\u0119cz\u00f3w to kurort z unikalnym mikroklimatem i cennymi wodami leczniczymi. Jego historia si\u0119ga XVIII wieku i wi\u0105\u017ce si\u0119 z rodem Ma\u0142achowskich , herbu Na\u0142\u0119cz.&nbsp; W ko\u0144cu XIX wieku sta\u0142 si\u0119 ulubionym miejscem warszawskiej bohemy, a dzisiaj jest oaz\u0105 ciszy i spokoju. Park Zdrojowy przecina rzeka Bohotniczanka&nbsp; \/dop\u0142yw Bystrej\/&nbsp; tworz\u0105c w centrum parku malowniczy staw z Wysp\u0105 Mi\u0142o\u015bci. Miasto oplecione&nbsp; jest sieci\u0105 lessowych w\u0105woz\u00f3w i bujn\u0105 ro\u015blinno\u015bci\u0105. Na\u0142\u0119cz\u00f3w to miasto z bogat\u0105 histori\u0105 zanurzon\u0105 w literackiej atmosferze. Na ka\u017cdym kroku spotykamy tu \u015blady takich znanych Polak\u00f3w jak : Boles\u0142aw Prus, Stefan \u017beromski , Henryk Sienkiewicz, Ewa Szelburg -Zar\u0119bina, Micha\u0142 Elwiro- Andriolli. B\u0119d\u0105c na nast\u0119pnej&nbsp; wycieczce,&nbsp; z\u0142o\u017cyli\u015bmy na cmentarzu miejskim kwiaty i zapalili\u015bmy znicz na grobie Elwiro Andriollego, poniewa\u017c by\u0142 zwi\u0105zany &nbsp;z naszym miastem. Byli\u015bmy te\u017c na spacerze wok\u00f3\u0142 Wzg\u00f3rza Ko\u015bcielnego i wys\u0142uchali\u015bmy opowie\u015bci o istniej\u0105cej tam od po\u0142owy XIV wieku parafii i jej kolejnych ko\u015bcio\u0142ach , z kt\u00f3rych ostatni , wybudowany w pierwszej po\u0142owie XVIII funkcjonuje do dzi\u015b i szczyci si\u0119 s\u0142yn\u0105cym z cud\u00f3w obrazem Matki Boskiej \u0141askawej z Dzieci\u0105tkiem Jezus oraz p\u00f3\u017anobarokow\u0105 chrzcielnic\u0105 i ambon\u0105 z herbami Ma\u0142achowskich<\/p>\n\n\n\n<p>i Potockich.&nbsp; Podczas kolejnych wycieczek czy to w formie spacer\u00f3w czy przeja\u017cd\u017cek ,, melexsem,,&nbsp; zwiedzili\u015bmy Armatni\u0105 G\u00f3r\u0119&nbsp; z chat\u0105&nbsp;&nbsp; \u017beromskiego, zwiedzili\u015bmy muzeum Prusa nazywanego przez miejscowych najwierniejszym kuracjuszem na\u0142\u0119czowskim, poniewa\u017c bywa\u0142 tu&nbsp; od roku 1882 przez kolejnych 28 lat. I jak na ka\u017cdym wyje\u017adzie Jurek Maciejewski&nbsp; by\u0142 naszym przewodnikiem. Odwiedzili\u015bmy tak\u017ce&nbsp; W\u0105wolnic\u0119. Na P\u0142askowy\u017cu Na\u0142\u0119czowskim , w dolinie rzeki Bystrzy , kr\u00f3l Kazimierz Wielki za\u0142o\u017cy\u0142 w pierwszej po\u0142owie XIV w ma\u0142e miasto otoczone murem z obronn\u0105 wie\u017c\u0105 i posiadaj\u0105cym w\u0142asny ko\u015bci\u00f3\u0142. Mia\u0142a to by\u0107 kr\u00f3lewska stacja. Istniej\u0105cy tam dzi\u015b ko\u015bci\u00f3\u0142 szczyci si\u0119 mianem Bazyliki Mniejszej. Wracaj\u0105c z W\u0105wolnicy zatrzymali\u015bmy si\u0119 w miejscowo\u015bci K\u0119b\u0142o . Mie\u015bci si\u0119 tam kapliczka , kt\u00f3r\u0105 zbudowano w miejscu, gdzie wg. &nbsp;poda\u0144 Matka Boska skutecznie&nbsp; wspiera\u0142a walcz\u0105cych z tatarsk\u0105 nawa\u0142nic\u0105 Polak\u00f3w. Na wycieczkach nie ko\u0144czy\u0142y si\u0119 atrakcje pobytu w Na\u0142\u0119czowie. Poza codziennymi zabiegami fizyko i fizjoterapeutycznymi, poza pluskaniem si\u0119 w nowoczesnym basenie mieli\u015bmy te\u017c inne przyjemno\u015bci , s\u0142odkie. Pijalna Wedla zaprasza\u0142a na gor\u0105c\u0105 czekolad\u0119 , Willa ?Ewelina? zaprasza\u0142a na rewelacyjne&nbsp; wypieki a organizatorka&nbsp; naszego wypoczynku zaprosi\u0142a nas na wieczorek w Klubie Atrium gdzie przy pysznym , bezowym torcie , czarnej kawie i herbacie s\u0142uchali\u015bmy muzyki , \u015bpiewali\u015bmy znane piosenki i narzekali\u015bmy na pandemi\u0119 , kt\u00f3ra nie pozwala nam pota\u0144czy\u0107. Snuli\u015bmy te\u017c plany ,\u017ce odbijemy to sobie w przysz\u0142ym roku, poniewa\u017c tak udany pobyt trzeba koniecznie powt\u00f3rzy\u0107. Podczas drogi powrotnej do domu , zatrzymali\u015bmy si\u0119 tradycyjnie w Kazimierzu i oczywi\u015bcie zakupili\u015bmy wypiekane tam&nbsp; ,,od zawsze,, koguty.&nbsp; Tradycyjnie te\u017c zatrzymali\u015bmy si\u0119 na obiad w ,, Cegielni? gdzie po 10-dniowej lekkostrawnej diecie sanatoryjnej&nbsp; z wielk\u0105 rado\u015bci\u0105 powitali\u015bmy na talerzach ulubionego , tradycyjnego&nbsp; schaboszczaka, a o godz. 17.00 zadowoleni z udanego pobytu byli\u015bmy ju\u017c w domu.   <a rel=\"noreferrer noopener\" target=\"_blank\" href=\"http:\/\/www.aktywnyseniormm.pl\/index.php\/2022\/02\/10\/w-naleczowie-2022\/\">http:\/\/www.aktywnyseniormm.pl\/index.php\/2022\/02\/10\/w-naleczowie-2022\/(otworzy si\u0119 w nowej karcie)<\/a><\/p>\n\n\n\n<p>Opracowa\u0142y : Barbara Ludowicz ? G\u0142adkowska i Ewa Ga\u0144ko<\/p>\n","protected":false},"excerpt":{"rendered":"<p>33 osobowa grupa&nbsp; naszych s\u0142uchaczy odpoczywa\u0142a i regenerowa\u0142a swoje zdrowie &nbsp;&nbsp;w uzdrowisku Na\u0142\u0119cz\u00f3w. Mieszkali\u015bmy w sanatorium zlokalizowanym w pi\u0119knym , zabytkowym budynku z urokliwymi werandami i dachami. Sanatorium nosi imi\u0119 Ksi\u0119cia J\u00f3zefa i pami\u0119ta czas&nbsp; pp. Prusa i \u017beromskiego. Ju\u017c wtedy znajdowa\u0142y si\u0119 w nim poza pokojami go\u015bcinnymi , gabinety lekarskie, sala gimnastyki korekcyjnej&nbsp;&nbsp; a nawet czytelnia i stacja meteorolgiczna. <span class=\"more-button\"><a class=\"more-link\" href=\"https:\/\/www.aktywnyseniormm.pl\/index.php\/2022\/02\/15\/sprawozdanie-z-pobytu-w-naleczowie-w-dniach-31-01-2022r\/\">Czytaj ca\u0142o\u015b\u0107<\/a><\/span><\/p>\n","protected":false},"author":1,"featured_media":0,"comment_status":"open","ping_status":"open","sticky":false,"template":"","format":"standard","meta":{"footnotes":""},"categories":[12],"tags":[],"class_list":["post-11210","post","type-post","status-publish","format-standard","hentry","category-z-zycia-stowarzyszenia"],"_links":{"self":[{"href":"https:\/\/www.aktywnyseniormm.pl\/index.php\/wp-json\/wp\/v2\/posts\/11210","targetHints":{"allow":["GET"]}}],"collection":[{"href":"https:\/\/www.aktywnyseniormm.pl\/index.php\/wp-json\/wp\/v2\/posts"}],"about":[{"href":"https:\/\/www.aktywnyseniormm.pl\/index.php\/wp-json\/wp\/v2\/types\/post"}],"author":[{"embeddable":true,"href":"https:\/\/www.aktywnyseniormm.pl\/index.php\/wp-json\/wp\/v2\/users\/1"}],"replies":[{"embeddable":true,"href":"https:\/\/www.aktywnyseniormm.pl\/index.php\/wp-json\/wp\/v2\/comments?post=11210"}],"version-history":[{"count":3,"href":"https:\/\/www.aktywnyseniormm.pl\/index.php\/wp-json\/wp\/v2\/posts\/11210\/revisions"}],"predecessor-version":[{"id":11217,"href":"https:\/\/www.aktywnyseniormm.pl\/index.php\/wp-json\/wp\/v2\/posts\/11210\/revisions\/11217"}],"wp:attachment":[{"href":"https:\/\/www.aktywnyseniormm.pl\/index.php\/wp-json\/wp\/v2\/media?parent=11210"}],"wp:term":[{"taxonomy":"category","embeddable":true,"href":"https:\/\/www.aktywnyseniormm.pl\/index.php\/wp-json\/wp\/v2\/categories?post=11210"},{"taxonomy":"post_tag","embeddable":true,"href":"https:\/\/www.aktywnyseniormm.pl\/index.php\/wp-json\/wp\/v2\/tags?post=11210"}],"curies":[{"name":"wp","href":"https:\/\/api.w.org\/{rel}","templated":true}]}}