{"id":1093,"date":"2012-12-09T13:51:55","date_gmt":"2012-12-09T12:51:55","guid":{"rendered":"http:\/\/serwer1734277.home.pl\/?p=1093"},"modified":"2017-08-08T13:54:00","modified_gmt":"2017-08-08T11:54:00","slug":"krakow-przedswiateczny-8-9-grudnia-2012r","status":"publish","type":"post","link":"https:\/\/www.aktywnyseniormm.pl\/index.php\/2012\/12\/09\/krakow-przedswiateczny-8-9-grudnia-2012r\/","title":{"rendered":"KRAK\u00d3W PRZED\u015aWI\u0104TECZNY 8-9 GRUDNIA 2012r."},"content":{"rendered":"<p style=\"text-align: justify;\">W dniach 8 i 9 grudnia kolejny raz grupa s\u0142uchaczy MUTW uczestniczy\u0142a w wycieczce do Krakowa. Ju\u017c 70 lat w dawnej stolicy organizowana jest wystawa s\u0142ynnych szopek bo\u017conarodzeniowych. Uczestnicy tego konkursu to ludzie, kt\u00f3rzy kontynuuj\u0105 tradycje rodzinne od wielu pokole\u0144. cz\u0119sto w konkursie uczestniczy dziadek, syn i wnuk. W\u0142a\u015bnie t\u0119 gal\u0119 szopek uda\u0142o nam si\u0119 zobaczy\u0107.<\/p>\n<p style=\"text-align: justify;\">Po drodze zwiedzili\u015bmy najstarsz\u0105 kopalni\u0119 soli w Bochni\/ odwieczny konflikt , gdzie Kinga znalaz\u0142a pier\u015bcie\u0144- w Wieliczce czy w Bochni?\/<\/p>\n<p style=\"text-align: justify;\">Wspania\u0142ym prze\u017cyciem by\u0142o obejrzenie wystawy malarstwa polskiego w krakowskich Sukiennicach. Oddany po wielu latach remontu obiekt Krakowskiego Muzeum Narodowego zdumiewa sposobem prezentacji i bogactwem rodzimego malarstwa.<\/p>\n<p style=\"text-align: justify;\">\u015awi\u0105teczny Krak\u00f3w przyj\u0105\u0142 nas mro\u017an\u0105 pogod\u0105 \/ zawsze mo\u017cna skorzysta\u0107 z oferty kupc\u00f3w krakowskich i rozgrza\u0107 si\u0119 galicyjskim grza\u0144cem\/ ale nie przeszkodzi\u0142o to uczestnikom wycieczki zachwyca\u0107 si\u0119 urokami starej architektury i zabytk\u00f3w dawnej stolicy \/ Wawel zawsze zachwyca odwiedzaj\u0105cych\/.<\/p>\n<p style=\"text-align: justify;\">Razem z nami w wycieczce uczestniczyli seniorzy i s\u0142uchacze UTW z Wo\u0142omina, Warszawy i Celestynowa. By\u0142o nastrojowo i bardzo sympatycznie. Dzi\u0119kujemy organizatorowi wycieczki &#8211; p. Arturowi Surowcowi.<br \/>\nTekst i zdj\u0119cia: Jadwiga i Jerzy Maciejewscy<\/p>\n\n\t\t<style type=\"text\/css\">\n\t\t\t#gallery-1 {\n\t\t\t\tmargin: auto;\n\t\t\t}\n\t\t\t#gallery-1 .gallery-item {\n\t\t\t\tfloat: left;\n\t\t\t\tmargin-top: 10px;\n\t\t\t\ttext-align: center;\n\t\t\t\twidth: 33%;\n\t\t\t}\n\t\t\t#gallery-1 img {\n\t\t\t\tborder: 2px solid #cfcfcf;\n\t\t\t}\n\t\t\t#gallery-1 .gallery-caption {\n\t\t\t\tmargin-left: 0;\n\t\t\t}\n\t\t\t\/* see gallery_shortcode() in wp-includes\/media.php *\/\n\t\t<\/style>\n\t\t<div id='gallery-1' class='gallery galleryid-1093 gallery-columns-3 gallery-size-thumbnail'><dl class='gallery-item'>\n\t\t\t<dt class='gallery-icon landscape'>\n\t\t\t\t<a href='https:\/\/www.aktywnyseniormm.pl\/wp-content\/uploads\/2017\/08\/cache_2430444462.jpg'><img loading=\"lazy\" decoding=\"async\" width=\"150\" height=\"150\" src=\"https:\/\/www.aktywnyseniormm.pl\/wp-content\/uploads\/2017\/08\/cache_2430444462-150x150.jpg\" class=\"attachment-thumbnail size-thumbnail\" alt=\"\" \/><\/a>\n\t\t\t<\/dt><\/dl><dl class='gallery-item'>\n\t\t\t<dt class='gallery-icon landscape'>\n\t\t\t\t<a href='https:\/\/www.aktywnyseniormm.pl\/wp-content\/uploads\/2017\/08\/cache_2430444276.jpg'><img loading=\"lazy\" decoding=\"async\" width=\"150\" height=\"150\" src=\"https:\/\/www.aktywnyseniormm.pl\/wp-content\/uploads\/2017\/08\/cache_2430444276-150x150.jpg\" class=\"attachment-thumbnail size-thumbnail\" alt=\"\" \/><\/a>\n\t\t\t<\/dt><\/dl><dl class='gallery-item'>\n\t\t\t<dt class='gallery-icon landscape'>\n\t\t\t\t<a href='https:\/\/www.aktywnyseniormm.pl\/wp-content\/uploads\/2017\/08\/cache_2430444037.jpg'><img loading=\"lazy\" decoding=\"async\" width=\"150\" height=\"150\" src=\"https:\/\/www.aktywnyseniormm.pl\/wp-content\/uploads\/2017\/08\/cache_2430444037-150x150.jpg\" class=\"attachment-thumbnail size-thumbnail\" alt=\"\" \/><\/a>\n\t\t\t<\/dt><\/dl><br style=\"clear: both\" \/><dl class='gallery-item'>\n\t\t\t<dt class='gallery-icon portrait'>\n\t\t\t\t<a href='https:\/\/www.aktywnyseniormm.pl\/wp-content\/uploads\/2017\/08\/cache_2430444417.jpg'><img loading=\"lazy\" decoding=\"async\" width=\"118\" height=\"150\" src=\"https:\/\/www.aktywnyseniormm.pl\/wp-content\/uploads\/2017\/08\/cache_2430444417-118x150.jpg\" class=\"attachment-thumbnail size-thumbnail\" alt=\"\" \/><\/a>\n\t\t\t<\/dt><\/dl><dl class='gallery-item'>\n\t\t\t<dt class='gallery-icon portrait'>\n\t\t\t\t<a href='https:\/\/www.aktywnyseniormm.pl\/wp-content\/uploads\/2017\/08\/cache_2430443790.jpg'><img loading=\"lazy\" decoding=\"async\" width=\"118\" height=\"150\" src=\"https:\/\/www.aktywnyseniormm.pl\/wp-content\/uploads\/2017\/08\/cache_2430443790-118x150.jpg\" class=\"attachment-thumbnail size-thumbnail\" alt=\"\" \/><\/a>\n\t\t\t<\/dt><\/dl>\n\t\t\t<br style='clear: both' \/>\n\t\t<\/div>\n\n","protected":false},"excerpt":{"rendered":"<p>W dniach 8 i 9 grudnia kolejny raz grupa s\u0142uchaczy MUTW uczestniczy\u0142a w wycieczce do Krakowa. Ju\u017c 70 lat w dawnej stolicy organizowana jest wystawa s\u0142ynnych szopek bo\u017conarodzeniowych. Uczestnicy tego konkursu to ludzie, kt\u00f3rzy kontynuuj\u0105 tradycje rodzinne od wielu pokole\u0144. cz\u0119sto w konkursie uczestniczy dziadek, syn i wnuk. W\u0142a\u015bnie t\u0119 gal\u0119 szopek uda\u0142o nam si\u0119 zobaczy\u0107. Po drodze zwiedzili\u015bmy najstarsz\u0105 <span class=\"more-button\"><a class=\"more-link\" href=\"https:\/\/www.aktywnyseniormm.pl\/index.php\/2012\/12\/09\/krakow-przedswiateczny-8-9-grudnia-2012r\/\">Czytaj ca\u0142o\u015b\u0107<\/a><\/span><\/p>\n","protected":false},"author":1,"featured_media":0,"comment_status":"open","ping_status":"open","sticky":false,"template":"","format":"standard","meta":{"footnotes":""},"categories":[5,18],"tags":[],"class_list":["post-1093","post","type-post","status-publish","format-standard","hentry","category-strona-glowna","category-wycieczki-i-wypoczynek"],"_links":{"self":[{"href":"https:\/\/www.aktywnyseniormm.pl\/index.php\/wp-json\/wp\/v2\/posts\/1093","targetHints":{"allow":["GET"]}}],"collection":[{"href":"https:\/\/www.aktywnyseniormm.pl\/index.php\/wp-json\/wp\/v2\/posts"}],"about":[{"href":"https:\/\/www.aktywnyseniormm.pl\/index.php\/wp-json\/wp\/v2\/types\/post"}],"author":[{"embeddable":true,"href":"https:\/\/www.aktywnyseniormm.pl\/index.php\/wp-json\/wp\/v2\/users\/1"}],"replies":[{"embeddable":true,"href":"https:\/\/www.aktywnyseniormm.pl\/index.php\/wp-json\/wp\/v2\/comments?post=1093"}],"version-history":[{"count":1,"href":"https:\/\/www.aktywnyseniormm.pl\/index.php\/wp-json\/wp\/v2\/posts\/1093\/revisions"}],"predecessor-version":[{"id":1099,"href":"https:\/\/www.aktywnyseniormm.pl\/index.php\/wp-json\/wp\/v2\/posts\/1093\/revisions\/1099"}],"wp:attachment":[{"href":"https:\/\/www.aktywnyseniormm.pl\/index.php\/wp-json\/wp\/v2\/media?parent=1093"}],"wp:term":[{"taxonomy":"category","embeddable":true,"href":"https:\/\/www.aktywnyseniormm.pl\/index.php\/wp-json\/wp\/v2\/categories?post=1093"},{"taxonomy":"post_tag","embeddable":true,"href":"https:\/\/www.aktywnyseniormm.pl\/index.php\/wp-json\/wp\/v2\/tags?post=1093"}],"curies":[{"name":"wp","href":"https:\/\/api.w.org\/{rel}","templated":true}]}}